{"id":332608,"date":"2025-08-20T22:58:12","date_gmt":"2025-08-20T22:58:12","guid":{"rendered":"https:\/\/www.europesays.com\/fr\/332608\/"},"modified":"2025-08-20T22:58:12","modified_gmt":"2025-08-20T22:58:12","slug":"le-moustique-tigre-devient-un-sujet-politique-a-angouleme","status":"publish","type":"post","link":"https:\/\/www.europesays.com\/fr\/332608\/","title":{"rendered":"Le moustique tigre devient un sujet politique, \u00e0 Angoul\u00eame"},"content":{"rendered":"<p>    La r\u00e9daction vous conseille<\/p>\n<p>\u00ab\u00a0<a href=\"https:\/\/www.charentelibre.fr\/charente\/val-de-cognac-dans-les-coulisses-de-l-operation-nocturne-de-demoustication-25511837.php#:~:text=Six%20personnes%20en%20tout%20ont,op%C3%A9rations%20de%20d%C3%A9moustication%20en%20cours.\" target=\"_blank\" rel=\"follow nofollow noopener\">Cinq cas de chikungunya ont d\u00e9j\u00e0 \u00e9t\u00e9 confirm\u00e9s en Charente.<\/a> Ce n\u2019est plus une menace future\u00a0: c\u2019est une r\u00e9alit\u00e9 pr\u00e9sente\u00a0\u00bb, \u00e9crit-elle, proposant des solutions\u00a0: l\u2019installation de pi\u00e8ges collectifs autour des \u00e9coles, cr\u00e8ches et Ehpad, la pose de moustiquaires autour de ces sites, des interventions sur les g\u00eetes larvaires\u00a0dans l\u2019espaces public\u2026<\/p>\n<p>Propos relay\u00e9s, ce mercredi, par <a href=\"https:\/\/www.charentelibre.fr\/charente\/angouleme\/municipales-2026-you-fait-bande-a-part-bonnefont-se-sent-trahi-22462629.php\" target=\"_blank\" rel=\"follow nofollow noopener\">Vincent You, qui a quitt\u00e9 la majorit\u00e9 de Xavier Bonnefont en d\u00e9cembre pour faire cavalier seul aux municipales<\/a>. Marine Grosset, c\u2019est son bras droit. C\u2019est elle, d\u00e9j\u00e0, qui l\u2019avait convaincu de s\u2019int\u00e9resser au <a href=\"https:\/\/www.charentelibre.fr\/charente\/angouleme\/angouleme-nouvel-opposant-a-l-incinerateur-vincent-you-appelle-a-la-mobilisation-23253890.php\" target=\"_blank\" rel=\"follow nofollow noopener\">projet d\u2019incin\u00e9rateur sur le site de l\u2019ex-SNPE<\/a>. Dans une vid\u00e9o post\u00e9e sur Facebook, l\u2019ex-adjoint aux finances demande \u00e0 son tour \u00ab\u00a0une action puissante\u00a0\u00bb.<\/p>\n<p>\u00ab\u00a0On ne peut pas rester sur des recommandations de bonnes pratiques. Les questions de sant\u00e9 et d\u2019environnement ne sont pas optionnelles\u00a0\u00bb, dit-il. Et de noter\u00a0: \u00ab\u00a0le ph\u00e9nom\u00e8ne n\u2019est pas nouveau, il va durer\u00a0\u00bb. Comme pour les plots devant la cath\u00e9drale ou le commissariat au Champ-de-Mars, l\u2019Atelier Angoul\u00eame 2026 a commenc\u00e9 \u00e0 faire circuler <a href=\"https:\/\/petition.qomon.org\/lutter-contre-le-moustique-tigre-vite-un-plan-daction-global\/?fbclid=IwY2xjawMSukxleHRuA2FlbQIxMABicmlkETFobHhsR2VNeGx2YVFMVWp4AR5QK9xkrXvDdhgcMyDt4HbdSW53Aj6IpBBHbcC5bVNzgXcm6B8JGG532Bf-6Q_aem_U149Y-RujtdeQQ38aGwzWA\" target=\"_blank\" rel=\"nofollow noopener\">une p\u00e9tition r\u00e9clamant un plan d\u2019action global<\/a>.<\/p>\n<p>Vincent You tacl\u00e9 par Pascal Monier<\/p>\n<p>De quoi irriter <a href=\"https:\/\/www.charentelibre.fr\/charente\/angouleme\/angouleme-pascal-monier-vrai-ecolo-ou-caution-verte-de-la-majorite-18257945.php\" target=\"_blank\" rel=\"follow nofollow noopener\">Pascal Monier, adjoint \u00e0 la transition \u00e9cologique<\/a> \u00e0 Angoul\u00eame. Le moustique tigre, \u00ab\u00a0c\u2019est un sujet de pr\u00e9occupation\u00a0\u00bb, assure-t-il, pr\u00e9cisant que la Ville m\u00e8ne des campagnes de sensibilisation \u00ab\u00a0pour que nos concitoyens soient vigilants\u00a0\u00bb. Pour ce qui est de l\u2019action publique, comme le moustique ne s\u2019arr\u00eate pas aux fronti\u00e8res d\u2019Angoul\u00eame, elle rel\u00e8ve de l\u2019Agglo, explique-t-il.<\/p>\n<p>C\u2019est, selon lui, \u00e0 GrandAngoul\u00eame de mener \u00ab\u00a0une politique efficiente\u00a0\u00bb pour lutter contre les esp\u00e8ces exotiques envahissantes, comme pour le frelon asiatique. T\u00e2che qui incombe au vice-pr\u00e9sident d\u00e9l\u00e9gu\u00e9 \u00e0 l\u2019agriculture. Et jusqu\u2019en d\u00e9cembre dernier, ce poste \u00e9tait occup\u00e9\u2026 par Vincent You. \u00ab\u00a0Aujourd\u2019hui, il nous explique qu\u2019il y a urgence \u00e0 agir mais c\u2019\u00e9tait \u00e0 lui de proposer une politique structur\u00e9e et innovante sur le sujet, l\u00e2che Pascal Monier. Je cherche toujours son cadre de travail pour le d\u00e9cliner en actions.\u00a0\u00bb Pique contre pique.<\/p>\n","protected":false},"excerpt":{"rendered":"La r\u00e9daction vous conseille \u00ab\u00a0Cinq cas de chikungunya ont d\u00e9j\u00e0 \u00e9t\u00e9 confirm\u00e9s en Charente. Ce n\u2019est plus une&hellip;\n","protected":false},"author":2,"featured_media":332609,"comment_status":"","ping_status":"","sticky":false,"template":"","format":"standard","meta":{"footnotes":""},"categories":[10],"tags":[1011,27,72,71],"class_list":{"0":"post-332608","1":"post","2":"type-post","3":"status-publish","4":"format-standard","5":"has-post-thumbnail","7":"category-sante","8":"tag-fr","9":"tag-france","10":"tag-health","11":"tag-sante"},"share_on_mastodon":{"url":"https:\/\/pubeurope.com\/@fr\/115063574006285986","error":""},"_links":{"self":[{"href":"https:\/\/www.europesays.com\/fr\/wp-json\/wp\/v2\/posts\/332608","targetHints":{"allow":["GET"]}}],"collection":[{"href":"https:\/\/www.europesays.com\/fr\/wp-json\/wp\/v2\/posts"}],"about":[{"href":"https:\/\/www.europesays.com\/fr\/wp-json\/wp\/v2\/types\/post"}],"author":[{"embeddable":true,"href":"https:\/\/www.europesays.com\/fr\/wp-json\/wp\/v2\/users\/2"}],"replies":[{"embeddable":true,"href":"https:\/\/www.europesays.com\/fr\/wp-json\/wp\/v2\/comments?post=332608"}],"version-history":[{"count":0,"href":"https:\/\/www.europesays.com\/fr\/wp-json\/wp\/v2\/posts\/332608\/revisions"}],"wp:featuredmedia":[{"embeddable":true,"href":"https:\/\/www.europesays.com\/fr\/wp-json\/wp\/v2\/media\/332609"}],"wp:attachment":[{"href":"https:\/\/www.europesays.com\/fr\/wp-json\/wp\/v2\/media?parent=332608"}],"wp:term":[{"taxonomy":"category","embeddable":true,"href":"https:\/\/www.europesays.com\/fr\/wp-json\/wp\/v2\/categories?post=332608"},{"taxonomy":"post_tag","embeddable":true,"href":"https:\/\/www.europesays.com\/fr\/wp-json\/wp\/v2\/tags?post=332608"}],"curies":[{"name":"wp","href":"https:\/\/api.w.org\/{rel}","templated":true}]}}