{"id":332611,"date":"2025-08-20T23:00:19","date_gmt":"2025-08-20T23:00:19","guid":{"rendered":"https:\/\/www.europesays.com\/fr\/332611\/"},"modified":"2025-08-20T23:00:19","modified_gmt":"2025-08-20T23:00:19","slug":"coupes-budgetaires-chez-france-televisions-apres-questions-pour-un-champion-une-autre-emission-impactee-par-des-changements-horaires","status":"publish","type":"post","link":"https:\/\/www.europesays.com\/fr\/332611\/","title":{"rendered":"Coupes budg\u00e9taires chez France T\u00e9l\u00e9visions\u00a0: apr\u00e8s \u00ab\u00a0Questions pour un champion\u00a0\u00bb, une autre \u00e9mission impact\u00e9e par des changements horaires"},"content":{"rendered":"<p class=\"ap-StoryElement ap-StoryElement--mb ap-StoryText\">Chez France T\u00e9l\u00e9visions, les derni\u00e8res annonces concernant les programmes ont suscit\u00e9 de l&rsquo;\u00e9moi chez les fid\u00e8les t\u00e9l\u00e9spectateurs.<\/p>\n<p class=\"ap-StoryElement ap-StoryElement--mb ap-StoryText\">Apr\u00e8s la d\u00e9cision de r\u00e9duire le nombre d&rsquo;\u00e9missions de \u00ab\u00a0Questions pour un champion\u00a0\u00bb, la direction de France T\u00e9l\u00e9visions a \u00e9galement vis\u00e9 un autre jeu tr\u00e8s appr\u00e9ci\u00e9 du service public\u2026 \u00ab\u00a0Slam\u00a0\u00bb !<\/p>\n<p><a href=\"https:\/\/www.dhnet.be\/medias\/television\/2025\/08\/20\/sabrina-jacobs-et-rtl-cest-termine-GDL3LO3NHBAAFE5MRNVMDOFCBE\/\" target=\"_blank\" rel=\"noopener noreferrer\" class=\"ap-StoryInterstitialLink ap-StoryElement ap-StoryElement--mb\">Sabrina Jacobs et RTL, c&rsquo;est termin\u00e9 : \u00ab\u00a0Aujourd&rsquo;hui, j&rsquo;ai d\u00e9cid\u00e9 d&rsquo;avancer et de m&rsquo;\u00e9panouir dans un autre environnement\u00a0\u00bb<\/a><\/p>\n<p class=\"ap-StoryElement ap-StoryElement--mb ap-StoryText\">L&rsquo;\u00e9mission de la langue fran\u00e7aise, pr\u00e9c\u00e9demment pr\u00e9sent\u00e9e par Cyril F\u00e9raud et actuellement anim\u00e9e par Th\u00e9o Curin, va \u00eatre coup\u00e9e le week-end. Alors qu&rsquo;elle \u00e9tait diffus\u00e9e sept jours sur sept, elle sera d\u00e9sormais disponible uniquement la semaine, d\u00e8s le 6 septembre.<\/p>\n","protected":false},"excerpt":{"rendered":"Chez France T\u00e9l\u00e9visions, les derni\u00e8res annonces concernant les programmes ont suscit\u00e9 de l&rsquo;\u00e9moi chez les fid\u00e8les t\u00e9l\u00e9spectateurs. Apr\u00e8s&hellip;\n","protected":false},"author":2,"featured_media":332612,"comment_status":"","ping_status":"","sticky":false,"template":"","format":"standard","meta":{"footnotes":""},"categories":[8],"tags":[58,59,3057,1011,27,1227,3753,252],"class_list":{"0":"post-332611","1":"post","2":"type-post","3":"status-publish","4":"format-standard","5":"has-post-thumbnail","7":"category-divertissement","8":"tag-divertissement","9":"tag-entertainment","10":"tag-essential","11":"tag-fr","12":"tag-france","13":"tag-horizontal","14":"tag-mass-media","15":"tag-television"},"share_on_mastodon":{"url":"https:\/\/pubeurope.com\/@fr\/115063581796173071","error":""},"_links":{"self":[{"href":"https:\/\/www.europesays.com\/fr\/wp-json\/wp\/v2\/posts\/332611","targetHints":{"allow":["GET"]}}],"collection":[{"href":"https:\/\/www.europesays.com\/fr\/wp-json\/wp\/v2\/posts"}],"about":[{"href":"https:\/\/www.europesays.com\/fr\/wp-json\/wp\/v2\/types\/post"}],"author":[{"embeddable":true,"href":"https:\/\/www.europesays.com\/fr\/wp-json\/wp\/v2\/users\/2"}],"replies":[{"embeddable":true,"href":"https:\/\/www.europesays.com\/fr\/wp-json\/wp\/v2\/comments?post=332611"}],"version-history":[{"count":0,"href":"https:\/\/www.europesays.com\/fr\/wp-json\/wp\/v2\/posts\/332611\/revisions"}],"wp:featuredmedia":[{"embeddable":true,"href":"https:\/\/www.europesays.com\/fr\/wp-json\/wp\/v2\/media\/332612"}],"wp:attachment":[{"href":"https:\/\/www.europesays.com\/fr\/wp-json\/wp\/v2\/media?parent=332611"}],"wp:term":[{"taxonomy":"category","embeddable":true,"href":"https:\/\/www.europesays.com\/fr\/wp-json\/wp\/v2\/categories?post=332611"},{"taxonomy":"post_tag","embeddable":true,"href":"https:\/\/www.europesays.com\/fr\/wp-json\/wp\/v2\/tags?post=332611"}],"curies":[{"name":"wp","href":"https:\/\/api.w.org\/{rel}","templated":true}]}}