{"id":332615,"date":"2025-08-20T23:02:11","date_gmt":"2025-08-20T23:02:11","guid":{"rendered":"https:\/\/www.europesays.com\/fr\/332615\/"},"modified":"2025-08-20T23:02:11","modified_gmt":"2025-08-20T23:02:11","slug":"un-vol-paris-ajaccio-pris-dans-des-turbulences-plusieurs-blesses-evacues-a-lhopital","status":"publish","type":"post","link":"https:\/\/www.europesays.com\/fr\/332615\/","title":{"rendered":"Un vol Paris-Ajaccio pris dans des turbulences, plusieurs bless\u00e9s \u00e9vacu\u00e9s \u00e0 l\u2019h\u00f4pital"},"content":{"rendered":"<p>        <img decoding=\"async\" loading=\"lazy\" src=\"https:\/\/www.europesays.com\/fr\/wp-content\/uploads\/2025\/08\/06c8d4a_upload-1-amfekqjl24yj-000-34q24c4.jpg\"  width=\"728\" height=\"409\" alt=\"Photo d\u2019illustration de voyageurs \u00e0 l\u2019a\u00e9roport Napol\u00e9on Bonaparte d\u2019Ajaccio, en Corse, le 22\u00a0avril 2024.\"\/>  <\/p>\n<p>PASCAL POCHARD-CASABIANCA \/ AFP<\/p>\n<p>Photo d\u2019illustration de voyageurs \u00e0 l\u2019a\u00e9roport Napol\u00e9on Bonaparte d\u2019Ajaccio, en Corse, le 22\u00a0avril 2024.<\/p>\n<p class=\"asset asset-text\">FAITS DIVERS &#8211; Des secousses dangereuses. Des passagers d\u2019un vol AF 4236 reliant <a href=\"https:\/\/www.huffingtonpost.fr\/france\/article\/avant-la-greve-des-controleurs-aeriens-cette-phrase-du-ministre-des-transports-n-augure-rien-de-bon_252133.html\" target=\"_blank\" rel=\"noopener\">Paris Orly<\/a> \u00e0 Ajaccio ont \u00e9t\u00e9 bless\u00e9s, ce mercredi 20\u00a0ao\u00fbt, apr\u00e8s de<a href=\"https:\/\/www.huffingtonpost.fr\/life\/article\/comment-gerer-sa-peur-des-turbulences-un-expert-donne-ses-conseils-apres-le-drame-de-la-singapore-airlines-clx1_234315.html\" target=\"_blank\" rel=\"noopener\"> fortes turbulences<\/a> li\u00e9es \u00e0 une m\u00e9t\u00e9o instable. Les victimes ont d\u00fb \u00eatre \u00e9vacu\u00e9es \u00e0 l\u2019h\u00f4pital.<\/p>\n<p class=\"asset asset-text\">143\u00a0passagers et quatre membres d\u2019\u00e9quipage se trouvaient dans cet avion, op\u00e9r\u00e9 par la compagnie Air France. \u00ab\u00a0L\u2019avion a \u00e9t\u00e9 pris dans un fort orage et a subi des turbulences\u00a0\u00bb, explique le service d\u2019incendie et de secours de Corse-du-Sud, aupr\u00e8s de nos confr\u00e8res de<a href=\"https:\/\/france3-regions.franceinfo.fr\/corse\/corse-du-sud\/ajaccio\/un-vol-paris-ajaccio-pris-dans-des-turbulences-plusieurs-personnes-blessees-3204329.html\" target=\"_blank\" rel=\"noopener\" title=\"Nouvelle fen\u00eatre\"> France 3<\/a>, qui pr\u00e9cise que cinq voyageurs ont \u00e9t\u00e9 bless\u00e9s.<\/p>\n<p class=\"asset asset-text\">Aupr\u00e8s du journal local<a href=\"https:\/\/www.corsematin.com\/article\/faits-diversjustice\/1053726088910415\/info-corse-matin-plusieurs-blesses-sur-un-vol-paris-ajaccio\" target=\"_blank\" rel=\"noopener\" title=\"Nouvelle fen\u00eatre\"> Corse Matin<\/a>, Air France confirme que \u00ab\u00a02 clients ont \u00e9t\u00e9 bless\u00e9s, ainsi que 3 membres de l\u2019\u00e9quipage commercial qui proc\u00e9daient \u00e0 la v\u00e9rification des ceintures de s\u00e9curit\u00e9.\u00a0\u00bb<\/p>\n<p>    Des personnes \u00ab\u00a0\u00e9vacu\u00e9es sur civi\u00e8res\u00a0\u00bb    <\/p>\n<p class=\"asset asset-text\">Une fois que l\u2019avion avait atterri sur le tarmac de l\u2019a\u00e9roport Napoleon-Bonaparte, en d\u00e9but d\u2019apr\u00e8s-midi, \u00ab\u00a0des \u00e9quipes m\u00e9dicales d\u2019urgence de l\u2019a\u00e9roport de destination\u00a0\u00bb ont \u00ab\u00a0rapidement pris en charge les bless\u00e9s\u00a0\u00bb, poursuit la compagnie a\u00e9rienne.<\/p>\n<p class=\"asset asset-text\">Certaines personnes ont \u00e9t\u00e9 \u00ab\u00a0\u00e9vacu\u00e9es sur civi\u00e8res\u00a0\u00bb, ont remarqu\u00e9 des journalistes de Corse Matin. Puis, les passagers affect\u00e9s par les secousses ont \u00e9t\u00e9 transf\u00e9r\u00e9s au centre hospitalier d\u2019Ajaccio.<\/p>\n<p class=\"asset asset-text\">D\u2019apr\u00e8s des employ\u00e9s de l\u2019a\u00e9roport d\u2019Ajaccio interrog\u00e9s par Corse Matin, les personnes bless\u00e9es n\u2019\u00e9taient pas attach\u00e9es. C\u2019est pourquoi l\u2019un d\u2019eux rappelle\u00a0: \u00ab\u00a0Il est toujours conseill\u00e9 d\u2019avoir sa ceinture attach\u00e9e en toutes circonstances\u00a0\u00bb.<\/p>\n","protected":false},"excerpt":{"rendered":"PASCAL POCHARD-CASABIANCA \/ AFP Photo d\u2019illustration de voyageurs \u00e0 l\u2019a\u00e9roport Napol\u00e9on Bonaparte d\u2019Ajaccio, en Corse, le 22\u00a0avril 2024.&hellip;\n","protected":false},"author":2,"featured_media":332616,"comment_status":"","ping_status":"","sticky":false,"template":"","format":"standard","meta":{"footnotes":""},"categories":[6],"tags":[16236,37,35,2517,33,34,118,1011,27],"class_list":{"0":"post-332615","1":"post","2":"type-post","3":"status-publish","4":"format-standard","5":"has-post-thumbnail","7":"category-economie","8":"tag-air-france-klm","9":"tag-avion","10":"tag-business","11":"tag-corse","12":"tag-economie","13":"tag-economy","14":"tag-faits-divers","15":"tag-fr","16":"tag-france"},"share_on_mastodon":{"url":"https:\/\/pubeurope.com\/@fr\/115063589759221324","error":""},"_links":{"self":[{"href":"https:\/\/www.europesays.com\/fr\/wp-json\/wp\/v2\/posts\/332615","targetHints":{"allow":["GET"]}}],"collection":[{"href":"https:\/\/www.europesays.com\/fr\/wp-json\/wp\/v2\/posts"}],"about":[{"href":"https:\/\/www.europesays.com\/fr\/wp-json\/wp\/v2\/types\/post"}],"author":[{"embeddable":true,"href":"https:\/\/www.europesays.com\/fr\/wp-json\/wp\/v2\/users\/2"}],"replies":[{"embeddable":true,"href":"https:\/\/www.europesays.com\/fr\/wp-json\/wp\/v2\/comments?post=332615"}],"version-history":[{"count":0,"href":"https:\/\/www.europesays.com\/fr\/wp-json\/wp\/v2\/posts\/332615\/revisions"}],"wp:featuredmedia":[{"embeddable":true,"href":"https:\/\/www.europesays.com\/fr\/wp-json\/wp\/v2\/media\/332616"}],"wp:attachment":[{"href":"https:\/\/www.europesays.com\/fr\/wp-json\/wp\/v2\/media?parent=332615"}],"wp:term":[{"taxonomy":"category","embeddable":true,"href":"https:\/\/www.europesays.com\/fr\/wp-json\/wp\/v2\/categories?post=332615"},{"taxonomy":"post_tag","embeddable":true,"href":"https:\/\/www.europesays.com\/fr\/wp-json\/wp\/v2\/tags?post=332615"}],"curies":[{"name":"wp","href":"https:\/\/api.w.org\/{rel}","templated":true}]}}