{"id":332617,"date":"2025-08-20T23:03:17","date_gmt":"2025-08-20T23:03:17","guid":{"rendered":"https:\/\/www.europesays.com\/fr\/332617\/"},"modified":"2025-08-20T23:03:17","modified_gmt":"2025-08-20T23:03:17","slug":"en-images-dans-les-coulisses-des-negociations-pour-la-paix-en-ukraine-a-la-maison-blanche","status":"publish","type":"post","link":"https:\/\/www.europesays.com\/fr\/332617\/","title":{"rendered":"En images dans les coulisses des n\u00e9gociations pour la paix en Ukraine \u00e0 la Maison Blanche"},"content":{"rendered":"<p><a href=\"https:\/\/www.parismatch.com\/bio\/donald-trump\" target=\"_blank\" rel=\"noopener\">Donald Trump<\/a> a estim\u00e9 mardi qu\u2019obtenir un accord de paix en Ukraine pourrait l\u2019aider \u00e0 aller au Paradis, plaisantant sur le fait que ses chances d\u2019y acc\u00e9der sont actuellement faibles.<\/p>\n<p>Le pr\u00e9sident am\u00e9ricain, \u00e2g\u00e9 de 79\u00a0ans, avait d\u00e9j\u00e0 laiss\u00e9 entendre qu\u2019il voulait mettre fin \u00e0 la guerre en Ukraine pour se voir d\u00e9cerner <a href=\"https:\/\/www.parismatch.com\/actu\/international\/le-prix-nobel-de-la-paix-se-joue-t-il-en-alaska-donald-trump-y-croit-dur-comme-fer-et-fait-tout-pour-255624\" target=\"_blank\" rel=\"noopener\">le prix Nobel de la paix, qu\u2019il pense m\u00e9riter<\/a>.<\/p>\n<p>    La suite apr\u00e8s cette publicit\u00e9<\/p>\n<p>Mais au lendemain de la visite \u00e0 la Maison Blanche du pr\u00e9sident ukrainien, Volodymyr Zelensky, et de plusieurs dirigeants europ\u00e9ens pour trouver une issue au conflit avec la Russie, il a confi\u00e9 mardi avoir aussi des motivations moins prosa\u00efques.<\/p>\n<p>    La suite apr\u00e8s cette publicit\u00e9<\/p>\n<p>\u00ab\u00a0Je veux essayer d\u2019aller au Paradis si possible\u00a0\u00bb, a-t-il d\u00e9clar\u00e9 \u00e0 \u00ab\u00a0Fox &amp; Friends\u00a0\u00bb, une \u00e9mission de Fox News, cha\u00eene qui a les faveurs des conservateurs am\u00e9ricains.<\/p>\n<p>\u00ab\u00a0J\u2019entends dire que je ne suis pas bien plac\u00e9, que je suis vraiment au bas de l\u2019\u00e9chelle\u00a0! Mais si j\u2019arrive \u00e0 aller au Paradis, ce sera l\u2019une des raisons\u00a0\u00bb, a-t-il jug\u00e9.<\/p>\n<p>    La suite apr\u00e8s cette publicit\u00e9<\/p>\n<p>    La suite apr\u00e8s cette publicit\u00e9<\/p>\n<p>Un ton de plus en plus mystique<\/p>\n<p>Mari\u00e9 trois fois et mis deux fois en accusation par le Congr\u00e8s am\u00e9ricain (\u00ab\u00a0impeachment\u00a0\u00bb), Donald Trump n\u2019a rien d\u2019un saint.<\/p>\n<p>Le milliardaire r\u00e9publicain a \u00e9t\u00e9 impliqu\u00e9 dans un certain nombre de scandales au fil des ans et est le premier pr\u00e9sident am\u00e9ricain \u00e0 avoir \u00e9t\u00e9 condamn\u00e9 au p\u00e9nal, pour des paiements dissimul\u00e9s \u00e0 une star de films X.<\/p>\n<p>Mais il a adopt\u00e9 un ton de plus en plus mystique apr\u00e8s avoir surv\u00e9cu l\u2019an pass\u00e9 \u00e0 une tentative d\u2019assassinat. Lors de son investiture en janvier, il avait ainsi affirm\u00e9 avoir \u00e9t\u00e9 \u00ab\u00a0sauv\u00e9 par Dieu pour rendre sa grandeur \u00e0 l\u2019Am\u00e9rique\u00a0\u00bb.<\/p>\n<p>B\u00e9n\u00e9ficiant du plein soutien de la droite religieuse am\u00e9ricaine, Donald Trump cherche \u00e0 appara\u00eetre plus pieux que lors de son premier mandat.<\/p>\n<p>Il a nomm\u00e9 une conseill\u00e8re spirituelle officielle, Paula White, qui a dirig\u00e9 plusieurs pri\u00e8res collectives au cours desquelles les participants posaient leurs mains sur lui lors d\u2019\u00e9v\u00e9nements \u00e0 la Maison Blanche.<\/p>\n<p>La porte-parole de la Maison Blanche a estim\u00e9 mardi que \u00ab\u00a0le pr\u00e9sident \u00e9tait s\u00e9rieux\u00a0\u00bb quand il a fait cette d\u00e9claration sur l\u2019Ukraine.<\/p>\n<p>\u00ab\u00a0Je pense que le pr\u00e9sident veut aller au Paradis comme, j\u2019esp\u00e8re, nous le voulons tous dans cette salle\u00a0\u00bb, a d\u00e9clar\u00e9 aux journalistes Karoline Leavitt, qui elle-m\u00eame organise des pri\u00e8res avant ses conf\u00e9rences de presse.<\/p>\n","protected":false},"excerpt":{"rendered":"Donald Trump a estim\u00e9 mardi qu\u2019obtenir un accord de paix en Ukraine pourrait l\u2019aider \u00e0 aller au Paradis,&hellip;\n","protected":false},"author":2,"featured_media":332618,"comment_status":"","ping_status":"","sticky":false,"template":"","format":"standard","meta":{"footnotes":""},"categories":[5],"tags":[11,1011,27,14,12,28],"class_list":{"0":"post-332617","1":"post","2":"type-post","3":"status-publish","4":"format-standard","5":"has-post-thumbnail","7":"category-international","8":"tag-actualites","9":"tag-fr","10":"tag-france","11":"tag-international","12":"tag-news","13":"tag-world"},"share_on_mastodon":{"url":"https:\/\/pubeurope.com\/@fr\/115063593730326218","error":""},"_links":{"self":[{"href":"https:\/\/www.europesays.com\/fr\/wp-json\/wp\/v2\/posts\/332617","targetHints":{"allow":["GET"]}}],"collection":[{"href":"https:\/\/www.europesays.com\/fr\/wp-json\/wp\/v2\/posts"}],"about":[{"href":"https:\/\/www.europesays.com\/fr\/wp-json\/wp\/v2\/types\/post"}],"author":[{"embeddable":true,"href":"https:\/\/www.europesays.com\/fr\/wp-json\/wp\/v2\/users\/2"}],"replies":[{"embeddable":true,"href":"https:\/\/www.europesays.com\/fr\/wp-json\/wp\/v2\/comments?post=332617"}],"version-history":[{"count":0,"href":"https:\/\/www.europesays.com\/fr\/wp-json\/wp\/v2\/posts\/332617\/revisions"}],"wp:featuredmedia":[{"embeddable":true,"href":"https:\/\/www.europesays.com\/fr\/wp-json\/wp\/v2\/media\/332618"}],"wp:attachment":[{"href":"https:\/\/www.europesays.com\/fr\/wp-json\/wp\/v2\/media?parent=332617"}],"wp:term":[{"taxonomy":"category","embeddable":true,"href":"https:\/\/www.europesays.com\/fr\/wp-json\/wp\/v2\/categories?post=332617"},{"taxonomy":"post_tag","embeddable":true,"href":"https:\/\/www.europesays.com\/fr\/wp-json\/wp\/v2\/tags?post=332617"}],"curies":[{"name":"wp","href":"https:\/\/api.w.org\/{rel}","templated":true}]}}