{"id":332619,"date":"2025-08-20T23:04:19","date_gmt":"2025-08-20T23:04:19","guid":{"rendered":"https:\/\/www.europesays.com\/fr\/332619\/"},"modified":"2025-08-20T23:04:19","modified_gmt":"2025-08-20T23:04:19","slug":"gerald-darmanin-veut-intensifier-la-lutte-contre-les-mariages-frauduleux-et-assure-les-maires-de-son-soutien","status":"publish","type":"post","link":"https:\/\/www.europesays.com\/fr\/332619\/","title":{"rendered":"G\u00e9rald Darmanin veut intensifier la lutte contre les mariages frauduleux et assure les maires de son soutien"},"content":{"rendered":"<p>Un nouveau dossier dans l\u2019\u00e9t\u00e9 superactif du ministre de la Justice. <a href=\"https:\/\/www.20minutes.fr\/dossier\/gerald_darmanin\" class=\"c-link c-link--is-underlined\" target=\"_blank\" rel=\"noopener\">G\u00e9rald Darmanin<\/a> veut intensifier la lutte contre <a href=\"https:\/\/www.20minutes.fr\/dossier\/mariage\" class=\"c-link c-link--is-underlined\" target=\"_blank\" rel=\"noopener\">les mariages<\/a> frauduleux, qu\u2019il qualifie de \u00ab\u00a0priorit\u00e9 gouvernementale\u00a0\u00bb, dans une circulaire adress\u00e9e le 13\u00a0ao\u00fbt 2025 aux procureurs de la R\u00e9publique et aux procureurs g\u00e9n\u00e9raux.<\/p>\n<p>En d\u00e9placement \u00e0 N\u00eemes, dans le Gard, le ministre a souhait\u00e9 \u00ab\u00a0assurer <a href=\"https:\/\/www.20minutes.fr\/faits_divers\/4164039-20250717-doubs-mariee-traite-maire-bouffon-commence-lune-miel-garde-vue\" class=\"c-link c-link--is-underlined\" target=\"_blank\" rel=\"noopener\">aux maires<\/a> de France\u00a0\u00bb du \u00ab\u00a0parfait soutien du minist\u00e8re de la Justice\u00a0\u00bb. Il \u00e9voque plusieurs t\u00e9moignages d\u2019\u00e9diles, qui ont demand\u00e9 aux procureurs des annulations d\u2019unions qui n\u2019ont pas \u00e9t\u00e9 suivies d\u2019effet.<\/p>\n<\/p>\n<p>En mai, la maire DVD de Bourg-l\u00e8s-Valence, Marl\u00e8ne Mourier, avait refus\u00e9 de c\u00e9l\u00e9brer <a href=\"https:\/\/www.20minutes.fr\/societe\/4153573-20250515-drome-maire-lr-refuse-marier-tunisien-situation-irreguliere\" class=\"c-link c-link--is-underlined\" target=\"_blank\" rel=\"noopener\">le mariage d\u2019une Fran\u00e7aise et d\u2019un Tunisien sans papiers<\/a>. Le maire DVD de B\u00e9ziers, Robert M\u00e9nard, avait \u00e9galement refus\u00e9 de c\u00e9l\u00e9brer le mariage entre une Fran\u00e7aise et un homme, en situation irr\u00e9guli\u00e8re et sous le coup d\u2019une OQTF. \u00ab\u00a0Je souhaite que les procureurs de la R\u00e9publique soutiennent les maires lorsque les informations qu\u2019ils leur donnent entra\u00eenent une suspicion assez importante\u00a0\u00bb, a confirm\u00e9 Darmanin.<\/p>\n<p>En cas de doute, sursis<\/p>\n<p>Concr\u00e8tement, selon la circulaire consult\u00e9e par la <a href=\"https:\/\/www.gazette-du-palais.fr\/actualites-professionnelles\/circulaire-du-ministre-de-la-justice-sur-la-lutte-contre-les-mariages-frauduleux\/\" rel=\"nofollow noopener\" target=\"_blank\" class=\"c-link c-link--is-underlined\">Gazette du Palais<\/a>, le ministre demande aux parquets \u00ab\u00a0d\u2019apporter un soutien renforc\u00e9 aux maires et services d\u2019\u00e9tat civil\u00a0\u00bb, \u00ab\u00a0d\u2019examiner avec attention les \u00e9l\u00e9ments transmis par les officiers, y compris lorsque l\u2019un des \u00e9poux est en situation irr\u00e9guli\u00e8re\u00a0\u00bb, \u00ab\u00a0d\u2019assurer une communication claire avec les officiers sur les d\u00e9cisions prises et les suites donn\u00e9es aux enqu\u00eates\u00a0\u00bb et \u00ab\u00a0de privil\u00e9gier, en cas de doute, la d\u00e9cision de sursis \u00e0 la c\u00e9l\u00e9bration du mariage\u00a0\u00bb.<\/p>\n<p>La loi du 24\u00a0ao\u00fbt 2021 confortant le respect des principes de la R\u00e9publique renfor\u00e7ait d\u00e9j\u00e0 le r\u00f4le de l\u2019officier de l\u2019\u00e9tat civil, lui permettant de s\u2019entretenir individuellement avec chacun des futurs \u00e9poux s\u2019il soup\u00e7onnait un mariage blanc ou gris. Et en cas de contestation, \u00ab\u00a0Il y a toujours un recours possible, celui des futurs \u00e9poux potentiels, devant un juge ind\u00e9pendant qui rendra sa d\u00e9cision de justice\u00a0\u00bb, a pr\u00e9cis\u00e9 G\u00e9rald Darmanin.<\/p>\n<p>Pour rappel, contracter un mariage frauduleux est un d\u00e9lit puni de 5 ans d\u2019emprisonnement et 15.000\u00a0euros d\u2019amende (article L823-11 du code de l\u2019entr\u00e9e et du s\u00e9jour des \u00e9trangers et du droit d\u2019asile). Le conjoint \u00ab\u00a0de bonne foi\u00a0\u00bb peut demander une annulation du mariage, selon les articles\u00a0180 et\u00a0146 du Code civil.<\/p>\n<p>\u00ab\u00a0Un mariage, ce sont des preuves d\u2019un consentement, fonder une famille sur le territoire national, quelle que soit sa nationalit\u00e9 mais ce n\u2019est pas utiliser les r\u00e8gles de la R\u00e9publique pour d\u00e9tourner une institution\u00a0\u00bb, a martel\u00e9 le ministre de la Justice.<\/p>\n<p><a href=\"https:\/\/www.20minutes.fr\/dossier\/gerald_darmanin\" class=\"c-link c-btn c-btn--primary\" target=\"_blank\" rel=\"noopener\">Retrouvez ici tous nos articles sur G\u00e9rald Darmanin<\/a><\/p>\n<p>En f\u00e9vrier, le S\u00e9nat a adopt\u00e9 une proposition de loi centriste visant \u00e0 <a href=\"https:\/\/www.20minutes.fr\/politique\/assemblee_nationale\/4158873-20250617-immigration-deputes-approuvent-commission-interdiction-mariage-etranger-situation-irreguliere\" class=\"c-link c-link--is-underlined\" target=\"_blank\" rel=\"noopener\">interdire le mariage aux \u00e9trangers en situation irr\u00e9guli\u00e8re<\/a>. Un texte ensuite adopt\u00e9 en commission par l\u2019Assembl\u00e9e nationale, avec le soutien d\u2019Emmanuel Macron et du gouvernement.<\/p>\n","protected":false},"excerpt":{"rendered":"Un nouveau dossier dans l\u2019\u00e9t\u00e9 superactif du ministre de la Justice. G\u00e9rald Darmanin veut intensifier la lutte contre&hellip;\n","protected":false},"author":2,"featured_media":332620,"comment_status":"","ping_status":"","sticky":false,"template":"","format":"standard","meta":{"footnotes":""},"categories":[4],"tags":[47,11,1011,27,432,303,1930,4145,12,25],"class_list":{"0":"post-332619","1":"post","2":"type-post","3":"status-publish","4":"format-standard","5":"has-post-thumbnail","7":"category-france","8":"tag-actualite","9":"tag-actualites","10":"tag-fr","11":"tag-france","12":"tag-gerald-darmanin","13":"tag-justice","14":"tag-mariage","15":"tag-ministre-de-la-justice","16":"tag-news","17":"tag-republique-francaise"},"share_on_mastodon":{"url":"https:\/\/pubeurope.com\/@fr\/115063597631000558","error":""},"_links":{"self":[{"href":"https:\/\/www.europesays.com\/fr\/wp-json\/wp\/v2\/posts\/332619","targetHints":{"allow":["GET"]}}],"collection":[{"href":"https:\/\/www.europesays.com\/fr\/wp-json\/wp\/v2\/posts"}],"about":[{"href":"https:\/\/www.europesays.com\/fr\/wp-json\/wp\/v2\/types\/post"}],"author":[{"embeddable":true,"href":"https:\/\/www.europesays.com\/fr\/wp-json\/wp\/v2\/users\/2"}],"replies":[{"embeddable":true,"href":"https:\/\/www.europesays.com\/fr\/wp-json\/wp\/v2\/comments?post=332619"}],"version-history":[{"count":0,"href":"https:\/\/www.europesays.com\/fr\/wp-json\/wp\/v2\/posts\/332619\/revisions"}],"wp:featuredmedia":[{"embeddable":true,"href":"https:\/\/www.europesays.com\/fr\/wp-json\/wp\/v2\/media\/332620"}],"wp:attachment":[{"href":"https:\/\/www.europesays.com\/fr\/wp-json\/wp\/v2\/media?parent=332619"}],"wp:term":[{"taxonomy":"category","embeddable":true,"href":"https:\/\/www.europesays.com\/fr\/wp-json\/wp\/v2\/categories?post=332619"},{"taxonomy":"post_tag","embeddable":true,"href":"https:\/\/www.europesays.com\/fr\/wp-json\/wp\/v2\/tags?post=332619"}],"curies":[{"name":"wp","href":"https:\/\/api.w.org\/{rel}","templated":true}]}}