{"id":332623,"date":"2025-08-20T23:07:13","date_gmt":"2025-08-20T23:07:13","guid":{"rendered":"https:\/\/www.europesays.com\/fr\/332623\/"},"modified":"2025-08-20T23:07:13","modified_gmt":"2025-08-20T23:07:13","slug":"saint-etienne-larsonneur-designe-ses-capitaines-pour-le-retour-triomphal","status":"publish","type":"post","link":"https:\/\/www.europesays.com\/fr\/332623\/","title":{"rendered":"SAINT-\u00c9TIENNE : LARSONNEUR D\u00c9SIGNE SES CAPITAINES POUR LE RETOUR TRIOMPHAL"},"content":{"rendered":"<p>                <a href=\"https:\/\/cadenceradio.fr\" target=\"_blank\" aria-label=\"Banni\u00e8re Cadence 2025\" rel=\"nofollow noopener\"><img loading=\"lazy\" decoding=\"async\" src=\"https:\/\/www.europesays.com\/fr\/wp-content\/uploads\/2025\/07\/Banniere-Cadence-2025-scaled.jpg\" alt=\"\"   width=\"2560\" height=\"738\"\/><\/a><\/p>\n<p>L\u2019AS Saint-\u00c9tienne a parfaitement n\u00e9goci\u00e9 son retour \u00e0 domicile en s\u2019imposant largement face \u00e0 Rodez (4-0) lors de la deuxi\u00e8me journ\u00e9e de Ligue 2. Cette d\u00e9monstration de force marque le d\u00e9but id\u00e9al de la saison st\u00e9phanoise au stade Geoffroy-Guichard, apr\u00e8s trois mois d\u2019absence.<\/p>\n<p>Cette performance \u00e9clatante efface le go\u00fbt amer du match nul conc\u00e9d\u00e9 \u00e0 Laval en ouverture, offrant aux supporters leur premi\u00e8re joie collective de cette nouvelle campagne en deuxi\u00e8me division.<\/p>\n<p>Un festival offensif apr\u00e8s l\u2019ouverture du score<\/p>\n<p>Joshua Duffus a donn\u00e9 le ton d\u00e8s la 27\u00e8me minute avec un lob d\u2019une grande finesse, marquant son premier but sous les couleurs vertes. Cette r\u00e9alisation a lib\u00e9r\u00e9 une \u00e9quipe qui avait multipli\u00e9 les occasions sans concr\u00e9tiser en premi\u00e8re p\u00e9riode.<\/p>\n<p>La seconde mi-temps a tourn\u00e9 \u00e0 la d\u00e9monstration avec les buts de Jaber, Cardona et Davitashvili qui ont transform\u00e9 l\u2019avantage en v\u00e9ritable festival. Cette avalanche de r\u00e9alisations t\u00e9moigne de la profondeur offensive retrouv\u00e9e par les St\u00e9phanois.<\/p>\n<p>Le discours de vestiaire r\u00e9v\u00e9lateur de Larsonneur<\/p>\n<p>Les images des coulisses d\u00e9voilent un moment fort avec l\u2019allocution du gardien Gautier Larsonneur avant le coup d\u2019envoi. Le portier a explicitement d\u00e9sign\u00e9 Micka\u00ebl Nad\u00e9 et Aimen Moueffek comme les r\u00e9f\u00e9rents de l\u2019\u00e9quipe, leur confiant une mission de leadership.<\/p>\n<p>Le message d\u00e9livr\u00e9 aux deux joueurs refl\u00e8te la philosophie de l\u2019encadrement technique : s\u2019appuyer sur l\u2019exp\u00e9rience pour guider la reconstruction. Nad\u00e9 et Moueffek, pr\u00e9sents lors de la rel\u00e9gation, portent d\u00e9sormais la lourde responsabilit\u00e9 de transmettre les valeurs st\u00e9phanoises.<\/p>\n<p>La pr\u00e9sence de plus de 30 000 spectateurs pour ce weekend du 15 ao\u00fbt t\u00e9moigne de la fid\u00e9lit\u00e9 exceptionnelle du public st\u00e9phanois malgr\u00e9 la rel\u00e9gation. Maxime Bernauer a soulign\u00e9 cette communion retrouv\u00e9e entre l\u2019\u00e9quipe et ses supporters.<\/p>\n<p>Une d\u00e9fense solide, socle de la victoire<\/p>\n<p>Au-del\u00e0 du spectacle offensif, cette rencontre a \u00e9galement mis en valeur la solidit\u00e9 d\u00e9fensive des Verts. Le \u00ab\u00a0clean sheet\u00a0\u00bb obtenu face \u00e0 Rodez confirme les progr\u00e8s r\u00e9alis\u00e9s dans ce secteur de jeu crucial. Cette rigueur d\u00e9fensive, combin\u00e9e \u00e0 l\u2019efficacit\u00e9 offensive, dessine les contours d\u2019une \u00e9quipe \u00e9quilibr\u00e9e capable de rivaliser avec les meilleures formations de Ligue 2.<\/p>\n<p>L\u2019intervention de Larsonneur r\u00e9v\u00e8le une approche collective du leadership, o\u00f9 chaque joueur exp\u00e9riment\u00e9 a un r\u00f4le \u00e0 jouer dans l\u2019encadrement des nouveaux. Cette philosophie vise \u00e0 cr\u00e9er une culture d\u2019\u00e9quipe forte et durable. Cette m\u00e9thode de management par les pairs compl\u00e8te l\u2019action de l\u2019encadrement technique et favorise l\u2019int\u00e9gration rapide des recrues dans le projet st\u00e9phanois.<\/p>\n<p>Cette victoire autoritaire place l\u2019ASSE en t\u00eate du classement apr\u00e8s deux journ\u00e9es, confirmant les ambitions de remont\u00e9e imm\u00e9diate. La mani\u00e8re de s\u2019imposer rassure sur la capacit\u00e9 de l\u2019\u00e9quipe \u00e0 rivaliser avec les pr\u00e9tendants \u00e0 la mont\u00e9e.<\/p>\n","protected":false},"excerpt":{"rendered":"L\u2019AS Saint-\u00c9tienne a parfaitement n\u00e9goci\u00e9 son retour \u00e0 domicile en s\u2019imposant largement face \u00e0 Rodez (4-0) lors de&hellip;\n","protected":false},"author":2,"featured_media":332624,"comment_status":"","ping_status":"","sticky":false,"template":"","format":"standard","meta":{"footnotes":""},"categories":[9653],"tags":[1111,11,461,2430,1777,674,1011,27,3367,12,25,4001,517],"class_list":{"0":"post-332623","1":"post","2":"type-post","3":"status-publish","4":"format-standard","5":"has-post-thumbnail","7":"category-saint-etienne","8":"tag-actu","9":"tag-actualites","10":"tag-asse","11":"tag-auvergne-rhone-alpes","12":"tag-eu","13":"tag-europe","14":"tag-fr","15":"tag-france","16":"tag-loire","17":"tag-news","18":"tag-republique-francaise","19":"tag-saint-etienne","20":"tag-sport"},"share_on_mastodon":{"url":"https:\/\/pubeurope.com\/@fr\/115063609315143269","error":""},"_links":{"self":[{"href":"https:\/\/www.europesays.com\/fr\/wp-json\/wp\/v2\/posts\/332623","targetHints":{"allow":["GET"]}}],"collection":[{"href":"https:\/\/www.europesays.com\/fr\/wp-json\/wp\/v2\/posts"}],"about":[{"href":"https:\/\/www.europesays.com\/fr\/wp-json\/wp\/v2\/types\/post"}],"author":[{"embeddable":true,"href":"https:\/\/www.europesays.com\/fr\/wp-json\/wp\/v2\/users\/2"}],"replies":[{"embeddable":true,"href":"https:\/\/www.europesays.com\/fr\/wp-json\/wp\/v2\/comments?post=332623"}],"version-history":[{"count":0,"href":"https:\/\/www.europesays.com\/fr\/wp-json\/wp\/v2\/posts\/332623\/revisions"}],"wp:featuredmedia":[{"embeddable":true,"href":"https:\/\/www.europesays.com\/fr\/wp-json\/wp\/v2\/media\/332624"}],"wp:attachment":[{"href":"https:\/\/www.europesays.com\/fr\/wp-json\/wp\/v2\/media?parent=332623"}],"wp:term":[{"taxonomy":"category","embeddable":true,"href":"https:\/\/www.europesays.com\/fr\/wp-json\/wp\/v2\/categories?post=332623"},{"taxonomy":"post_tag","embeddable":true,"href":"https:\/\/www.europesays.com\/fr\/wp-json\/wp\/v2\/tags?post=332623"}],"curies":[{"name":"wp","href":"https:\/\/api.w.org\/{rel}","templated":true}]}}