{"id":332627,"date":"2025-08-20T23:12:12","date_gmt":"2025-08-20T23:12:12","guid":{"rendered":"https:\/\/www.europesays.com\/fr\/332627\/"},"modified":"2025-08-20T23:12:12","modified_gmt":"2025-08-20T23:12:12","slug":"la-magnifique-fresque-du-tunnel-pieton-de-la-gare-de-toulon-se-refait-une-beaute","status":"publish","type":"post","link":"https:\/\/www.europesays.com\/fr\/332627\/","title":{"rendered":"La magnifique fresque du tunnel pi\u00e9ton de la gare de Toulon se refait une beaut\u00e9"},"content":{"rendered":"<p>Ses utilisateurs r\u00e9guliers ont d\u00e9j\u00e0 d\u00fb s\u2019en apercevoir. Depuis le 14 ao\u00fbt dernier, le tunnel sous la gare de Toulon est inaccessible. Jusqu\u2019au 25 ao\u00fbt, pour traverser les voies ferr\u00e9es, il faut donc faire le tour jusqu\u2019aux ponts Louis-Armand ou Commandant-Marchand.<\/p>\n<p>Un d\u00e9sagr\u00e9ment de quelques jours d\u00fb \u00e0 des travaux en cours. La fresque qui \u00e9gaye le passage est en effet en cours de r\u00e9habilitation.<\/p>\n<p>L\u2019\u0153uvre, r\u00e9alis\u00e9e par le collectif Les Mains Sales au printemps 2024, a besoin d\u2019un coup de neuf. Les nombreux passages et surtout les incivilit\u00e9s l\u2019ont ab\u00eem\u00e9e. Des morceaux de plexiglas ont notamment \u00e9t\u00e9 arrach\u00e9s.<\/p>\n<p>Cette fresque de 50 m\u00e8tres de long propose une immersion r\u00e9ussie dans un m\u00e9tro d\u2019un dr\u00f4le de genre. Ce dernier est peupl\u00e9 d\u2019animaux hybrides et fantasmagoriques \u00e9voluant dans des paysages oniriques.<\/p>\n","protected":false},"excerpt":{"rendered":"Ses utilisateurs r\u00e9guliers ont d\u00e9j\u00e0 d\u00fb s\u2019en apercevoir. Depuis le 14 ao\u00fbt dernier, le tunnel sous la gare&hellip;\n","protected":false},"author":2,"featured_media":332628,"comment_status":"","ping_status":"","sticky":false,"template":"","format":"standard","meta":{"footnotes":""},"categories":[9619],"tags":[1111,11,1777,674,1011,27,12,882,25,2310,3366],"class_list":{"0":"post-332627","1":"post","2":"type-post","3":"status-publish","4":"format-standard","5":"has-post-thumbnail","7":"category-toulon","8":"tag-actu","9":"tag-actualites","10":"tag-eu","11":"tag-europe","12":"tag-fr","13":"tag-france","14":"tag-news","15":"tag-provence-alpes-cote-dazur","16":"tag-republique-francaise","17":"tag-toulon","18":"tag-vie-locale"},"share_on_mastodon":{"url":"https:\/\/pubeurope.com\/@fr\/115063628954425856","error":""},"_links":{"self":[{"href":"https:\/\/www.europesays.com\/fr\/wp-json\/wp\/v2\/posts\/332627","targetHints":{"allow":["GET"]}}],"collection":[{"href":"https:\/\/www.europesays.com\/fr\/wp-json\/wp\/v2\/posts"}],"about":[{"href":"https:\/\/www.europesays.com\/fr\/wp-json\/wp\/v2\/types\/post"}],"author":[{"embeddable":true,"href":"https:\/\/www.europesays.com\/fr\/wp-json\/wp\/v2\/users\/2"}],"replies":[{"embeddable":true,"href":"https:\/\/www.europesays.com\/fr\/wp-json\/wp\/v2\/comments?post=332627"}],"version-history":[{"count":0,"href":"https:\/\/www.europesays.com\/fr\/wp-json\/wp\/v2\/posts\/332627\/revisions"}],"wp:featuredmedia":[{"embeddable":true,"href":"https:\/\/www.europesays.com\/fr\/wp-json\/wp\/v2\/media\/332628"}],"wp:attachment":[{"href":"https:\/\/www.europesays.com\/fr\/wp-json\/wp\/v2\/media?parent=332627"}],"wp:term":[{"taxonomy":"category","embeddable":true,"href":"https:\/\/www.europesays.com\/fr\/wp-json\/wp\/v2\/categories?post=332627"},{"taxonomy":"post_tag","embeddable":true,"href":"https:\/\/www.europesays.com\/fr\/wp-json\/wp\/v2\/tags?post=332627"}],"curies":[{"name":"wp","href":"https:\/\/api.w.org\/{rel}","templated":true}]}}