{"id":332629,"date":"2025-08-20T23:13:11","date_gmt":"2025-08-20T23:13:11","guid":{"rendered":"https:\/\/www.europesays.com\/fr\/332629\/"},"modified":"2025-08-20T23:13:11","modified_gmt":"2025-08-20T23:13:11","slug":"toulon-exposition-banksy-de-la-rue-aux-galeries-dart","status":"publish","type":"post","link":"https:\/\/www.europesays.com\/fr\/332629\/","title":{"rendered":"TOULON : Exposition Banksy &#8211; De la rue aux galeries d\u2019art"},"content":{"rendered":"<p><strong>L\u2019art du graffiti a une origine tout \u00e0 fait sp\u00e9cifique : New York, 1969.<\/strong> <\/p>\n<p>En repla\u00e7ant le Street-Art dans son contexte historique social et culturel plus large, dont Banksy est le repr\u00e9sentant embl\u00e9matique aujourd\u2019hui, l\u2019exposition retrace les \u00e9tapes de l\u2019\u00e9volution de l\u2019art urbain en commen\u00e7ant par les pionniers de l\u2019\u00e8re des graffitis comme Crash ou Seen, en passant par les repr\u00e9sentants majeurs qui ont port\u00e9 ce mouvement \u00e0 une renomm\u00e9e internationale tels que Keith Haring ou Jean-Michel Basquiat, sans oublier la tr\u00e8s riche sc\u00e8ne fran\u00e7aise avec Blek le Rat, Miss.Tic, G\u00e9rard Zlotykamien, pour arriver \u00e0 une large s\u00e9lection de certains des artistes les plus pertinents de la sc\u00e8ne contemporaine dont JR, Invader, Madame\u2026 Une attention particuli\u00e8re est accord\u00e9e \u00e0 la figure de Banksy, jouant un r\u00f4le important tant dans la sph\u00e8re artistique contemporaine que sociale, devenu un v\u00e9ritable ph\u00e9nom\u00e8ne capable d\u2019affecter et d\u2019impliquer l\u2019opinion publique mondiale. Ses \u0153uvres ont profond\u00e9ment impr\u00e9gn\u00e9 la conscience collective, de telle sorte qu\u2019elles deviennent imm\u00e9diatement identifiables.<\/p>\n<p style=\"font-weight: 400\"><strong>Exposition r\u00e9alis\u00e9e en coproduction avec 24 Ore Cultura (Milan).<\/strong><\/p>\n<p style=\"font-weight: 400\">Commissariat\u00a0: Patrizia Cattaneo, historienne de l\u2019art sp\u00e9cialiste du Street-Art \u2013 Brigitte Gaillard, conservatrice en chef des mus\u00e9es de Toulon.<\/p>\n<p style=\"font-weight: 400\"><strong>Exposition jusqu\u2019au 5 octobre 2025<\/strong><\/p>\n<p style=\"font-weight: 400\"><strong>\u00a0<\/strong><strong>Mus\u00e9e d\u2019Art de Toulon<\/strong><\/p>\n<p style=\"font-weight: 400\">113 bd G\u00e9n\u00e9ral Leclerc \u2013\u00a0<a href=\"https:\/\/www.google.com\/search?q=t%C3%A9l+mus%C3%A9e+d%27art+toulon&amp;rlz=1C1GCEU_frFR1113FR1113&amp;oq=t%C3%A9l+mus%C3%A9e+d%27art+toulon&amp;gs_lcrp=EgZjaHJvbWUyBggAEEUYOTIICAEQABgWGB4yCggCEAAYChgWGB4yCggDEAAYChgWGB4yCggEEAAYogQYiQUyCggFEAAYogQYiQXSAQgzNTY1ajBqNKgCALACAQ&amp;sourceid=chrome&amp;ie=UTF-8\" data-saferedirecturl=\"https:\/\/www.google.com\/url?q=https:\/\/www.google.com\/search?q%3Dt%25C3%25A9l%2Bmus%25C3%25A9e%2Bd%2527art%2Btoulon%26rlz%3D1C1GCEU_frFR1113FR1113%26oq%3Dt%25C3%25A9l%2Bmus%25C3%25A9e%2Bd%2527art%2Btoulon%26gs_lcrp%3DEgZjaHJvbWUyBggAEEUYOTIICAEQABgWGB4yCggCEAAYChgWGB4yCggDEAAYChgWGB4yCggEEAAYogQYiQUyCggFEAAYogQYiQXSAQgzNTY1ajBqNKgCALACAQ%26sourceid%3Dchrome%26ie%3DUTF-8&amp;source=gmail&amp;ust=1755599000688000&amp;usg=AOvVaw1qAyh68_NVKNk7WGWuB_j0\" rel=\"nofollow noopener\" target=\"_blank\">04 94 36 81 15<\/a><\/p>\n<p style=\"font-weight: 400\">Du mardi au dimanche de 12h \u00e0 18h<\/p>\n<p style=\"font-weight: 400\">Ferm\u00e9 le lundi, les 14 juillet et 15 ao\u00fbt<\/p>\n<p style=\"font-weight: 400\"><strong>Plein tarif :<\/strong> 7 \u20ac, Tarif r\u00e9duit : 4 \u20ac (groupes adultes \u00e0 partir de 10 personnes, \u00e9tudiants de plus de 26 ans, membres d\u2019associations d\u2019amis de mus\u00e9es, plus de 65 ans et familles nombreuses).<\/p>\n<p>D\u00e8s cette \u00e9poque, les wagons et les stations du m\u00e9tro commencent \u00e0 se couvrir de tags, ces signatures cod\u00e9es laiss\u00e9es par des dizaines d\u2019adolescents, en g\u00e9n\u00e9ral de jeunes Afro et Latino-am\u00e9ricains du South Bronx. \u00c0 ce stade, il ne s\u2019agit pas encore d\u2019un geste artistique dans cette prolif\u00e9ration d\u2019inscriptions, mais bien d\u2019une pure revendication d\u2019un espace de communication. Laisser un signe ind\u00e9l\u00e9bile personnel sur un wagon est un geste non seulement de r\u00e9bellion, mais aussi d\u2019affirmation de sa propre identit\u00e9. Peu \u00e0 peu, les writers essayent de se distinguer par le lettrage, la saturation des couleurs et des formats de plus en plus importants : c\u2019est la naissance des \u00ab graffitis \u00bb.<\/p>\n<p>La reconnaissance dans le monde de l\u2019art officiel passe d\u2019abord par deux figures majeures de l\u2019art contemporain : Keith Haring et Jean-Michel Basquiat. Haring est consid\u00e9r\u00e9 comme un pionnier dans le passage de l\u2019art du graffiti autodidacte \u00e0 une figure artistique consciente et distincte. De son c\u00f4t\u00e9, Basquiat contribue \u00e0 transf\u00e9rer l\u2019\u00e9nergie de la culture urbaine directement sur la toile, lib\u00e9rant le graffiti de son contexte purement urbain pour lui ouvrir les portes des institutions artistiques conventionnelles.<\/p>\n<p>Le succ\u00e8s de Haring et de Basquiat ouvre la voie \u00e0 une nouvelle g\u00e9n\u00e9ration d\u2019artistes, contribuant ainsi \u00e0 modeler le panorama de l\u2019art urbain contemporain.<\/p>\n<p><strong>Source : Au mus\u00e9e d\u2019Art, exposition Banksy.<\/strong><\/p>\n","protected":false},"excerpt":{"rendered":"L\u2019art du graffiti a une origine tout \u00e0 fait sp\u00e9cifique : New York, 1969. En repla\u00e7ant le Street-Art&hellip;\n","protected":false},"author":2,"featured_media":331423,"comment_status":"","ping_status":"","sticky":false,"template":"","format":"standard","meta":{"footnotes":""},"categories":[9619],"tags":[1111,11,1777,674,1011,27,12,882,25,2310],"class_list":{"0":"post-332629","1":"post","2":"type-post","3":"status-publish","4":"format-standard","5":"has-post-thumbnail","7":"category-toulon","8":"tag-actu","9":"tag-actualites","10":"tag-eu","11":"tag-europe","12":"tag-fr","13":"tag-france","14":"tag-news","15":"tag-provence-alpes-cote-dazur","16":"tag-republique-francaise","17":"tag-toulon"},"share_on_mastodon":{"url":"https:\/\/pubeurope.com\/@fr\/115063632898582887","error":""},"_links":{"self":[{"href":"https:\/\/www.europesays.com\/fr\/wp-json\/wp\/v2\/posts\/332629","targetHints":{"allow":["GET"]}}],"collection":[{"href":"https:\/\/www.europesays.com\/fr\/wp-json\/wp\/v2\/posts"}],"about":[{"href":"https:\/\/www.europesays.com\/fr\/wp-json\/wp\/v2\/types\/post"}],"author":[{"embeddable":true,"href":"https:\/\/www.europesays.com\/fr\/wp-json\/wp\/v2\/users\/2"}],"replies":[{"embeddable":true,"href":"https:\/\/www.europesays.com\/fr\/wp-json\/wp\/v2\/comments?post=332629"}],"version-history":[{"count":0,"href":"https:\/\/www.europesays.com\/fr\/wp-json\/wp\/v2\/posts\/332629\/revisions"}],"wp:featuredmedia":[{"embeddable":true,"href":"https:\/\/www.europesays.com\/fr\/wp-json\/wp\/v2\/media\/331423"}],"wp:attachment":[{"href":"https:\/\/www.europesays.com\/fr\/wp-json\/wp\/v2\/media?parent=332629"}],"wp:term":[{"taxonomy":"category","embeddable":true,"href":"https:\/\/www.europesays.com\/fr\/wp-json\/wp\/v2\/categories?post=332629"},{"taxonomy":"post_tag","embeddable":true,"href":"https:\/\/www.europesays.com\/fr\/wp-json\/wp\/v2\/tags?post=332629"}],"curies":[{"name":"wp","href":"https:\/\/api.w.org\/{rel}","templated":true}]}}