{"id":332630,"date":"2025-08-20T23:14:09","date_gmt":"2025-08-20T23:14:09","guid":{"rendered":"https:\/\/www.europesays.com\/fr\/332630\/"},"modified":"2025-08-20T23:14:09","modified_gmt":"2025-08-20T23:14:09","slug":"previsions-du-jeudi-21-aout-2025","status":"publish","type":"post","link":"https:\/\/www.europesays.com\/fr\/332630\/","title":{"rendered":"pr\u00e9visions du jeudi 21 ao\u00fbt 2025"},"content":{"rendered":"<p>Un splendide soleil brillera sur Montpellier, o\u00f9 la journ\u00e9e s&rsquo;annoncera des plus agr\u00e9ables. Le thermom\u00e8tre affichera 24\u00b0C en moyenne. Un vent de nord-ouest soufflera l\u00e9g\u00e8rement, avec 19 km\/h. Le matin, on pr\u00e9voit des temp\u00e9ratures d&rsquo;environ 23\u00b0C. Les valeurs vont grimper pendant l&rsquo;apr\u00e8s-midi de quelques degr\u00e9s. Les valeurs seront de 26\u00b0C au plus bas et de 28\u00b0C au maximum. Un ciel d\u00e9pourvu de nuages est attendu dans la nuit entre jeudi et vendredi.<\/p>\n<p>C&rsquo;est un soleil radieux qui va se montrer demain sur Montpellier. La m\u00e9t\u00e9o va se r\u00e9chauffer avec une hausse de quelques degr\u00e9s. La ville va subir une vague d&rsquo;importantes chaleurs avec des temp\u00e9ratures qui atteindront parfois les 30\u00b0C. Les valeurs afficheront entre 19 et 30\u00b0C. Dans la matin\u00e9e, les temp\u00e9ratures seront de 25\u00b0C. Un vent de nord-ouest, enregistrant 20 km\/h, soufflera. Les temp\u00e9ratures vont conna\u00eetre une augmentation de plusieurs degr\u00e9s dans l&rsquo;apr\u00e8s-midi. Les grosses chaleurs sont pr\u00e9sentes. Avec des temp\u00e9ratures \u00e9chelonn\u00e9es entre 29 et 30\u00b0C. Les valeurs s&rsquo;\u00e9chelonneront entre 29\u00b0C et 30\u00b0C. Un petit vent de nord soufflera. Les temp\u00e9ratures avoisineront les 25\u00b0C dans la soir\u00e9e. Une l\u00e9g\u00e8re brise de nord-est sera ressentie par les habitants.<\/p>\n<p>Les jours s&rsquo;encha\u00eenent et se ressemblent. Il va faire un temps plut\u00f4t ensoleill\u00e9 avec des temp\u00e9ratures autour de 28\u00b0C.<\/p>\n<p><\/p>\n","protected":false},"excerpt":{"rendered":"Un splendide soleil brillera sur Montpellier, o\u00f9 la journ\u00e9e s&rsquo;annoncera des plus agr\u00e9ables. Le thermom\u00e8tre affichera 24\u00b0C en&hellip;\n","protected":false},"author":2,"featured_media":332631,"comment_status":"","ping_status":"","sticky":false,"template":"","format":"standard","meta":{"footnotes":""},"categories":[9599],"tags":[1111,11,1777,674,1011,27,7089,2681,2208,12,2680,2119,25],"class_list":{"0":"post-332630","1":"post","2":"type-post","3":"status-publish","4":"format-standard","5":"has-post-thumbnail","7":"category-montpellier","8":"tag-actu","9":"tag-actualites","10":"tag-eu","11":"tag-europe","12":"tag-fr","13":"tag-france","14":"tag-herault","15":"tag-languedoc-roussillon","16":"tag-montpellier","17":"tag-news","18":"tag-occitanie","19":"tag-previsions-meteo","20":"tag-republique-francaise"},"share_on_mastodon":{"url":"https:\/\/pubeurope.com\/@fr\/115063636937043743","error":""},"_links":{"self":[{"href":"https:\/\/www.europesays.com\/fr\/wp-json\/wp\/v2\/posts\/332630","targetHints":{"allow":["GET"]}}],"collection":[{"href":"https:\/\/www.europesays.com\/fr\/wp-json\/wp\/v2\/posts"}],"about":[{"href":"https:\/\/www.europesays.com\/fr\/wp-json\/wp\/v2\/types\/post"}],"author":[{"embeddable":true,"href":"https:\/\/www.europesays.com\/fr\/wp-json\/wp\/v2\/users\/2"}],"replies":[{"embeddable":true,"href":"https:\/\/www.europesays.com\/fr\/wp-json\/wp\/v2\/comments?post=332630"}],"version-history":[{"count":0,"href":"https:\/\/www.europesays.com\/fr\/wp-json\/wp\/v2\/posts\/332630\/revisions"}],"wp:featuredmedia":[{"embeddable":true,"href":"https:\/\/www.europesays.com\/fr\/wp-json\/wp\/v2\/media\/332631"}],"wp:attachment":[{"href":"https:\/\/www.europesays.com\/fr\/wp-json\/wp\/v2\/media?parent=332630"}],"wp:term":[{"taxonomy":"category","embeddable":true,"href":"https:\/\/www.europesays.com\/fr\/wp-json\/wp\/v2\/categories?post=332630"},{"taxonomy":"post_tag","embeddable":true,"href":"https:\/\/www.europesays.com\/fr\/wp-json\/wp\/v2\/tags?post=332630"}],"curies":[{"name":"wp","href":"https:\/\/api.w.org\/{rel}","templated":true}]}}