{"id":332632,"date":"2025-08-20T23:15:15","date_gmt":"2025-08-20T23:15:15","guid":{"rendered":"https:\/\/www.europesays.com\/fr\/332632\/"},"modified":"2025-08-20T23:15:15","modified_gmt":"2025-08-20T23:15:15","slug":"retour-sur-laffaire-du-chien-smoke-condamne-a-leuthanasie","status":"publish","type":"post","link":"https:\/\/www.europesays.com\/fr\/332632\/","title":{"rendered":"retour sur l&rsquo;affaire du chien Smoke, condamn\u00e9 \u00e0 l&rsquo;euthanasie"},"content":{"rendered":"<p>            Par<br \/>\n        <strong><br \/>\n            <a href=\"https:\/\/actu.fr\/auteur\/metropoop\" title=\"Consulter tous les articles de R\u00e9daction M\u00e9tropolitain\" rel=\"nofollow noopener\" target=\"_blank\">R\u00e9daction M\u00e9tropolitain<\/a><br \/>\n        <\/strong><\/p>\n<p>        Publi\u00e9 le<\/p>\n<p>            20 ao\u00fbt 2025 \u00e0 13h16        <\/p>\n<p>Il n\u2019y aura pas eu de miracle pour sauver le chien <strong>Smoke<\/strong>, condamn\u00e9 \u00e0 l\u2019euthanasie du c\u00f4t\u00e9 de la <strong>SPA Flayosc<\/strong>, dans le Var. Pour recontextualiser l\u2019affaire, il nous faut remonter quelques semaines en arri\u00e8re. Fin juillet,<strong> le collectif pour sauver Smoke\u00a0<\/strong>d\u00e9butait sa mobilisation afin d\u2019essayer de venir en aide \u00e0 ce chien, jug\u00e9 trop dangereux.\u00a0Le 11 ao\u00fbt dernier, le vid\u00e9aste et militant montpelli\u00e9rain <strong>R\u00e9mi Gaillard<\/strong> partageait un post sur le r\u00e9seau X dans lequel il proposait de r\u00e9cup\u00e9rer et \u00ab\u00a0d\u2019assumer la charge\u00a0\u00bb du chien.<\/p>\n<p class=\" wall-content\">Une<a href=\"https:\/\/www.mesopinions.com\/petition\/animaux\/sauvons-smoke-euthanasie\/245095?fbclid=IwY2xjawMSfjNleHRuA2FlbQIxMABicmlkETFXamJzQkRIb2lQeFFqMlM4AR5qweLrPpFcptGu5XsmnvzV9Et7RY-m_PQUy0TfzvCUn6n-pcIjmQ9LZDXyTA_aem_9aY9qjDA8RQfOYFi2ScZpg\" rel=\"nofollow noopener\" target=\"_blank\"> p\u00e9tition en ligne<\/a> a \u00e9t\u00e9 lanc\u00e9e et sign\u00e9e par plus de 74 000 personnes \u00e0 l\u2019heure o\u00f9 nous \u00e9crivons ces lignes. \u00ab\u00a0Nous croyons en la seconde chance. Nous croyons qu\u2019aucun animal ne devrait \u00eatre priv\u00e9 de la possibilit\u00e9 de gu\u00e9rir, de s\u2019apaiser, de trouver enfin une stabilit\u00e9\u00a0\u00bb, \u00e9crit le collectif. Malheureusement, malgr\u00e9 l\u2019intervention de personnalit\u00e9s publiques comme R\u00e9mi Gaillard, connu pour son amour et son d\u00e9sir de prot\u00e9ger les animaux, Smoke devrait bel et bien \u00eatre euthanasi\u00e9 par la SPA.\u00a0<\/p>\n<p>\u00ab\u00a0Le chien est impr\u00e9visiblement dangereux\u00a0\u00bb<\/p>\n<p class=\" wall-content\">Class\u00e9 4\/4 en \u00e9valuation comportementale par un v\u00e9t\u00e9rinaire comportementaliste en juin 2025, Smoke est consid\u00e9r\u00e9 comme un chien dangereux, pr\u00e9sentant un risque \u00e9lev\u00e9 pour certaines personnes ou dans certaines situations. Interrog\u00e9 par nos confr\u00e8res d\u2019<strong>InfOccitanie<\/strong>, le pr\u00e9sident de la SPA, <strong>Jacques-Charles Fombonne<\/strong>, a d\u00e9clar\u00e9 :\u00a0 \u00ab\u00a0Ce malheureux chien sera euthanasi\u00e9, on ne peut pas aller plus loin dans la protection des animaux. \u00a0C\u2019est une situation qui ne peut plus durer. Non, je ne confierai pas le chien \u00e0 R\u00e9mi Gaillard. C\u2019est une responsabilit\u00e9 mortelle que je ne veux pas prendre\u00a0\u00bb.\u00a0\u00a0<\/p>\n<p class=\" wall-content\">\n<p class=\" wall-content\">D\u00e9sormais, c\u2019est un v\u00e9ritable combat que m\u00e8ne le Montpelli\u00e9rain pour tenter de sauver Smoke. Le 13 ao\u00fbt dernier, il ironisait sur le r\u00e9seau social X en \u00e9crivant : \u00ab Depuis, silence. Dans \u201cSPA\u201d, le P de Protectrice signifie en r\u00e9alit\u00e9 Punir ? \u00bb, en partageant une vid\u00e9o du chien faisant des c\u00e2lins \u00e0 une b\u00e9n\u00e9vole. L\u2019affaire a depuis pris une ampleur nationale, alors que l\u2019<strong>association Extr\u00eame Sauvetage<\/strong> \u2013 d\u00e9di\u00e9e \u00e0 la protection animale \u2013 a annonc\u00e9 sur ses r\u00e9seaux sociaux l\u2019organisation, dans les prochains jours, d\u2019un grand rassemblement devant l\u2019Assembl\u00e9e nationale \u00e0 Paris. \u00ab Nous refusons de laisser la peur, les approximations et l\u2019indiff\u00e9rence condamner Smoke \u00bb, a d\u00e9clar\u00e9 l\u2019association.<\/p>\n<p>Niveau d&rsquo;\u00e9valuation comportementale des chiens<\/p>\n<p>L&rsquo;\u00e9valuation comportementale est r\u00e9alis\u00e9e dans le cadre d&rsquo;une consultation v\u00e9t\u00e9rinaire par un v\u00e9t\u00e9rinaire inscrit sur la liste d\u00e9partementale sur un chien pr\u00e9alablement identifi\u00e9. Le chien peut \u00eatre class\u00e9 \u00e0 l&rsquo;un des quatre niveaux de risques : <br \/>&#8211; Niveau 1 : Le chien ne pr\u00e9sente pas de risque particulier de dangerosit\u00e9 en dehors de ceux inh\u00e9rents \u00e0 l&rsquo;esp\u00e8ce canine.<br \/>&#8211; Niveau 2 : Le chien pr\u00e9sente un risque de dangerosit\u00e9 faible pour certaines personnes ou dans certaines situations.<br \/>&#8211; Niveau 3 : Le chien pr\u00e9sente un risque de dangerosit\u00e9 critique pour certaines personnes ou dans certaines situations.<br \/>&#8211; Niveau 4 : Le chien pr\u00e9sente un risque de dangerosit\u00e9 \u00e9lev\u00e9 pour certaines personnes ou dans certaines situations.<\/p>\n<p>Si le chien est class\u00e9 4, le v\u00e9t\u00e9rinaire pr\u00e9conise au propri\u00e9taire ou au d\u00e9tenteur, de placer l&rsquo;animal dans un lieu adapt\u00e9 ou de proc\u00e9der \u00e0 son euthanasie pour des raisons de s\u00e9curit\u00e9.<\/p>\n<p>Vid\u00e9os : en ce moment sur Actu<\/p>\n<p class=\" wall-content\">Ce mercredi 19 ao\u00fbt, R\u00e9mi Gaillard a r\u00e9it\u00e9r\u00e9 sur X sa demande de prendre imm\u00e9diatement en charge le chien afin de lui offrir une nouvelle vie. La tension entre le vid\u00e9aste et la Soci\u00e9t\u00e9 Protectrice des Animaux reste vive, neuf ans apr\u00e8s s\u2019\u00eatre enferm\u00e9 pendant 84 heures dans une cage de la SPA de Montpellier, une op\u00e9ration qui avait d\u00e9j\u00e0 r\u00e9v\u00e9l\u00e9 \u00e0 l\u2019\u00e9poque des d\u00e9saccords entre les deux parties.<\/p>\n<p class=\" wall-content\">Personnalisez votre actualit\u00e9 en ajoutant vos villes et m\u00e9dias en favori avec <a href=\"https:\/\/moncompte.actu.fr\" title=\"D\u00e9couvez Mon Actu\" rel=\"nofollow noopener\" data-trk=\"{&quot;cta&quot;:{&quot;action&quot;:&quot;https:\\\/\\\/moncompte.actu.fr&quot;,&quot;category&quot;:&quot;mon compte&quot;,&quot;from&quot;:&quot;article footer&quot;,&quot;name&quot;:&quot;Mon actu&quot;,&quot;type&quot;:&quot;cta&quot;}}\" target=\"_blank\">Mon Actu<\/a>.<\/p>\n","protected":false},"excerpt":{"rendered":"Par R\u00e9daction M\u00e9tropolitain Publi\u00e9 le 20 ao\u00fbt 2025 \u00e0 13h16 Il n\u2019y aura pas eu de miracle pour&hellip;\n","protected":false},"author":2,"featured_media":332633,"comment_status":"","ping_status":"","sticky":false,"template":"","format":"standard","meta":{"footnotes":""},"categories":[9599],"tags":[1111,11,1777,674,1011,27,2208,12,2680,25,104],"class_list":{"0":"post-332632","1":"post","2":"type-post","3":"status-publish","4":"format-standard","5":"has-post-thumbnail","7":"category-montpellier","8":"tag-actu","9":"tag-actualites","10":"tag-eu","11":"tag-europe","12":"tag-fr","13":"tag-france","14":"tag-montpellier","15":"tag-news","16":"tag-occitanie","17":"tag-republique-francaise","18":"tag-societe"},"share_on_mastodon":{"url":"https:\/\/pubeurope.com\/@fr\/115063640752316078","error":""},"_links":{"self":[{"href":"https:\/\/www.europesays.com\/fr\/wp-json\/wp\/v2\/posts\/332632","targetHints":{"allow":["GET"]}}],"collection":[{"href":"https:\/\/www.europesays.com\/fr\/wp-json\/wp\/v2\/posts"}],"about":[{"href":"https:\/\/www.europesays.com\/fr\/wp-json\/wp\/v2\/types\/post"}],"author":[{"embeddable":true,"href":"https:\/\/www.europesays.com\/fr\/wp-json\/wp\/v2\/users\/2"}],"replies":[{"embeddable":true,"href":"https:\/\/www.europesays.com\/fr\/wp-json\/wp\/v2\/comments?post=332632"}],"version-history":[{"count":0,"href":"https:\/\/www.europesays.com\/fr\/wp-json\/wp\/v2\/posts\/332632\/revisions"}],"wp:featuredmedia":[{"embeddable":true,"href":"https:\/\/www.europesays.com\/fr\/wp-json\/wp\/v2\/media\/332633"}],"wp:attachment":[{"href":"https:\/\/www.europesays.com\/fr\/wp-json\/wp\/v2\/media?parent=332632"}],"wp:term":[{"taxonomy":"category","embeddable":true,"href":"https:\/\/www.europesays.com\/fr\/wp-json\/wp\/v2\/categories?post=332632"},{"taxonomy":"post_tag","embeddable":true,"href":"https:\/\/www.europesays.com\/fr\/wp-json\/wp\/v2\/tags?post=332632"}],"curies":[{"name":"wp","href":"https:\/\/api.w.org\/{rel}","templated":true}]}}