{"id":332634,"date":"2025-08-20T23:20:20","date_gmt":"2025-08-20T23:20:20","guid":{"rendered":"https:\/\/www.europesays.com\/fr\/332634\/"},"modified":"2025-08-20T23:20:20","modified_gmt":"2025-08-20T23:20:20","slug":"toulouse-reims-grenoble-suivez-le-mercato-estival-darkema-seconde-ligue-en-direct","status":"publish","type":"post","link":"https:\/\/www.europesays.com\/fr\/332634\/","title":{"rendered":"Toulouse, Reims, Grenoble&#8230; Suivez le mercato estival d\u2019Arkema Seconde ligue en direct"},"content":{"rendered":"<p>Dans une Seconde Ligue f\u00e9minine de plus en plus concurrentielle, o\u00f9 d\u00e9barquent cet \u00e9t\u00e9 <a href=\"https:\/\/footeuses.com\/grenoble-sacre-champion-d3-promu-seconde-ligue\/\" rel=\"nofollow noopener\" target=\"_blank\">Grenoble<\/a>, Reims, <a href=\"https:\/\/footeuses.com\/pour-lhistorique-en-avant-de-guingamp-une-belle-page-se-tourne-en-premiere-ligue\/\" rel=\"nofollow noopener\" target=\"_blank\">Guingamp <\/a>et Auxerre, les transferts vont aller bon train. <a href=\"https:\/\/footeuses.com\/la-mancelle-salomon-meilleure-joueuse-et-un-rc-lens-royal-aux-trophees-de-seconde-ligue\/\" rel=\"nofollow noopener\" target=\"_blank\">Ma\u00ebva Salomon<\/a>, meilleure joueuse du championnat, a d\u00e9j\u00e0 annonc\u00e9 son d\u00e9part du Mans. Lille, Saint-Malo, Toulouse seront ambitieux. Rodez ou Nice souhaiteront se maintenir plus vite que l\u2019an pass\u00e9. Suivez en direct au quotidien le mercato estival de la deuxi\u00e8me division fran\u00e7aise.<\/p>\n","protected":false},"excerpt":{"rendered":"Dans une Seconde Ligue f\u00e9minine de plus en plus concurrentielle, o\u00f9 d\u00e9barquent cet \u00e9t\u00e9 Grenoble, Reims, Guingamp et&hellip;\n","protected":false},"author":2,"featured_media":332635,"comment_status":"","ping_status":"","sticky":false,"template":"","format":"standard","meta":{"footnotes":""},"categories":[9566],"tags":[1111,11,2430,1777,674,1011,27,2731,12,25],"class_list":{"0":"post-332634","1":"post","2":"type-post","3":"status-publish","4":"format-standard","5":"has-post-thumbnail","7":"category-grenoble","8":"tag-actu","9":"tag-actualites","10":"tag-auvergne-rhone-alpes","11":"tag-eu","12":"tag-europe","13":"tag-fr","14":"tag-france","15":"tag-grenoble","16":"tag-news","17":"tag-republique-francaise"},"share_on_mastodon":{"url":"https:\/\/pubeurope.com\/@fr\/115063660394551834","error":""},"_links":{"self":[{"href":"https:\/\/www.europesays.com\/fr\/wp-json\/wp\/v2\/posts\/332634","targetHints":{"allow":["GET"]}}],"collection":[{"href":"https:\/\/www.europesays.com\/fr\/wp-json\/wp\/v2\/posts"}],"about":[{"href":"https:\/\/www.europesays.com\/fr\/wp-json\/wp\/v2\/types\/post"}],"author":[{"embeddable":true,"href":"https:\/\/www.europesays.com\/fr\/wp-json\/wp\/v2\/users\/2"}],"replies":[{"embeddable":true,"href":"https:\/\/www.europesays.com\/fr\/wp-json\/wp\/v2\/comments?post=332634"}],"version-history":[{"count":0,"href":"https:\/\/www.europesays.com\/fr\/wp-json\/wp\/v2\/posts\/332634\/revisions"}],"wp:featuredmedia":[{"embeddable":true,"href":"https:\/\/www.europesays.com\/fr\/wp-json\/wp\/v2\/media\/332635"}],"wp:attachment":[{"href":"https:\/\/www.europesays.com\/fr\/wp-json\/wp\/v2\/media?parent=332634"}],"wp:term":[{"taxonomy":"category","embeddable":true,"href":"https:\/\/www.europesays.com\/fr\/wp-json\/wp\/v2\/categories?post=332634"},{"taxonomy":"post_tag","embeddable":true,"href":"https:\/\/www.europesays.com\/fr\/wp-json\/wp\/v2\/tags?post=332634"}],"curies":[{"name":"wp","href":"https:\/\/api.w.org\/{rel}","templated":true}]}}