{"id":332636,"date":"2025-08-20T23:23:30","date_gmt":"2025-08-20T23:23:30","guid":{"rendered":"https:\/\/www.europesays.com\/fr\/332636\/"},"modified":"2025-08-20T23:23:30","modified_gmt":"2025-08-20T23:23:30","slug":"arnaud-pouille-va-recuperer-1me-sur-une-vente","status":"publish","type":"post","link":"https:\/\/www.europesays.com\/fr\/332636\/","title":{"rendered":"Arnaud Pouille va r\u00e9cup\u00e9rer 1M\u20ac sur une vente"},"content":{"rendered":"<p>Le Stade Rennais est r\u00e9put\u00e9 pour r\u00e9aliser d&rsquo;\u00e9normes ventes. En t\u00e9moigne les 30M\u20ac r\u00e9cup\u00e9r\u00e9s sur Arnaud Kalimuendo. Toutefois, trouver un rempla\u00e7ant au Fran\u00e7ais est loin d&rsquo;\u00eatre simple, alors que <a href=\"https:\/\/www.dailymercato.com\/news\/mercato-rennes-un-buteur-de-ligue-1-a-25-meur-habib-beye-jette-leponge\" rel=\"nofollow noopener\" target=\"_blank\">le dossier Lepaul semble trop cher<\/a>.<\/p>\n<p>Vous l&rsquo;aurez compris : le moindre euro est bon \u00e0 prendre du c\u00f4t\u00e9 d&rsquo;Arnaud Pouille. Heureusement, <strong>le pr\u00e9sident du SRFC va pouvoir r\u00e9cup\u00e9rer 1M\u20ac<\/strong> sur une vente qui ne concerne pas le club breton. Du moins pas directement.<\/p>\n<p>Lo\u00efc Bad\u00e9 a d\u00e9j\u00e0 rapport\u00e9 13M\u20ac au SRFC !<\/p>\n<p>Form\u00e9 au Havre, Lo\u00efc Bad\u00e9 a explos\u00e9 au RC Lens en 2020-2021. Dans la foul\u00e9e, le Stade Rennais a mis sur le d\u00e9fenseur fran\u00e7ais d\u00e8s la saison 2021-2022. Depuis 2 ans, Bad\u00e9 fait les beaux joueurs du S\u00e9ville FC. Sauf que <strong>le Bayer Leverkusen a d\u00e9cid\u00e9 de mettre le paquet en d\u00e9pensant pr\u00e8s de 30M\u20ac pour recruter le Fran\u00e7ais<\/strong>.<\/p>\n<p><a href=\"https:\/\/www.dailymercato.com\/news\/mercato-om-le-dossier-loic-bade-sannonce-tres-complique\" rel=\"nofollow noopener\" target=\"_blank\">Courtis\u00e9 par l&rsquo;OM<\/a>, Lo\u00efc Bad\u00e9 devrait s&rsquo;engager dans les prochaines heures en Allemagne. Gr\u00e2ce au m\u00e9canisme de solidarit\u00e9, <strong>le mercato de Rennes va pouvoir r\u00e9cup\u00e9rer 1M\u20ac sur le transfert de Bad\u00e9<\/strong>. Dans le m\u00eame temps, le HAC et Lens vont eux aussi toucher quelques royalties sur la somme vers\u00e9e par Leverkusen. Un win-win pour 3 clubs de Ligue 1 !<\/p>\n<blockquote class=\"twitter-tweet\"><p>&#13;<\/p>\n<p dir=\"ltr\" lang=\"de\">\ud83d\udea8\ud83d\udd34\u26ab\ufe0f Lo\u00efc Bad\u00e9 to Bayer Leverkusen, here we go! Deal sealed for \u20ac29m plus \u20ac4m add-ons.<\/p>\n<p>Leverkusen have booked medical for both Bad\u00e9 and Claudio Echeverri in the next 24h.<\/p>\n<p>New defender for Erik ten Hag, as Bad\u00e9 leaves Sevilla. <a href=\"https:\/\/t.co\/H2Ox0Deqhl\" rel=\"nofollow\">pic.twitter.com\/H2Ox0Deqhl<\/a><\/p>\n<p>&#13;<br \/>\n\u2014 Fabrizio Romano (@FabrizioRomano) <a href=\"https:\/\/twitter.com\/FabrizioRomano\/status\/1957902142116884887?ref_src=twsrc%5Etfw\" rel=\"nofollow noopener\" target=\"_blank\">August 19, 2025<\/a><\/p><\/blockquote>\n<p>Supporter st\u00e9phanois, je ne perds pas espoir de revoir les Verts retrouver les sommets. En attendant, je m&rsquo;endes clu remets aux autres clubs historiques du football fran\u00e7ais pour prendre mon mal en patience, et ainsi admirer des clubs comme Strasbourg ou le RC Lens.<\/p>\n<p>            <script async src=\"https:\/\/platform.twitter.com\/widgets.js\" charset=\"utf-8\"><\/script><\/p>\n","protected":false},"excerpt":{"rendered":"Le Stade Rennais est r\u00e9put\u00e9 pour r\u00e9aliser d&rsquo;\u00e9normes ventes. En t\u00e9moigne les 30M\u20ac r\u00e9cup\u00e9r\u00e9s sur Arnaud Kalimuendo. Toutefois,&hellip;\n","protected":false},"author":2,"featured_media":332637,"comment_status":"","ping_status":"","sticky":false,"template":"","format":"standard","meta":{"footnotes":""},"categories":[2821],"tags":[1111,11,829,1777,674,1011,27,12,584,25],"class_list":{"0":"post-332636","1":"post","2":"type-post","3":"status-publish","4":"format-standard","5":"has-post-thumbnail","7":"category-rennes","8":"tag-actu","9":"tag-actualites","10":"tag-bretagne","11":"tag-eu","12":"tag-europe","13":"tag-fr","14":"tag-france","15":"tag-news","16":"tag-rennes","17":"tag-republique-francaise"},"share_on_mastodon":{"url":"https:\/\/pubeurope.com\/@fr\/115063672345640087","error":""},"_links":{"self":[{"href":"https:\/\/www.europesays.com\/fr\/wp-json\/wp\/v2\/posts\/332636","targetHints":{"allow":["GET"]}}],"collection":[{"href":"https:\/\/www.europesays.com\/fr\/wp-json\/wp\/v2\/posts"}],"about":[{"href":"https:\/\/www.europesays.com\/fr\/wp-json\/wp\/v2\/types\/post"}],"author":[{"embeddable":true,"href":"https:\/\/www.europesays.com\/fr\/wp-json\/wp\/v2\/users\/2"}],"replies":[{"embeddable":true,"href":"https:\/\/www.europesays.com\/fr\/wp-json\/wp\/v2\/comments?post=332636"}],"version-history":[{"count":0,"href":"https:\/\/www.europesays.com\/fr\/wp-json\/wp\/v2\/posts\/332636\/revisions"}],"wp:featuredmedia":[{"embeddable":true,"href":"https:\/\/www.europesays.com\/fr\/wp-json\/wp\/v2\/media\/332637"}],"wp:attachment":[{"href":"https:\/\/www.europesays.com\/fr\/wp-json\/wp\/v2\/media?parent=332636"}],"wp:term":[{"taxonomy":"category","embeddable":true,"href":"https:\/\/www.europesays.com\/fr\/wp-json\/wp\/v2\/categories?post=332636"},{"taxonomy":"post_tag","embeddable":true,"href":"https:\/\/www.europesays.com\/fr\/wp-json\/wp\/v2\/tags?post=332636"}],"curies":[{"name":"wp","href":"https:\/\/api.w.org\/{rel}","templated":true}]}}