{"id":332642,"date":"2025-08-20T23:26:17","date_gmt":"2025-08-20T23:26:17","guid":{"rendered":"https:\/\/www.europesays.com\/fr\/332642\/"},"modified":"2025-08-20T23:26:17","modified_gmt":"2025-08-20T23:26:17","slug":"risques-incendies-plusieurs-massifs-fermes-dans-le-var-et-les-alpes-maritimes-ce-jeudi-21-aout-var","status":"publish","type":"post","link":"https:\/\/www.europesays.com\/fr\/332642\/","title":{"rendered":"Risques incendies: plusieurs massifs ferm\u00e9s dans le Var et les Alpes Maritimes ce jeudi 21 ao\u00fbt &#8211; Var"},"content":{"rendered":"<p>Malgr\u00e9 les quelques orages qui ont touch\u00e9 le Var et les Alpes Maritimes ce mercredi, le mistral sera de retour pour pousser les nuages ce jeudi mais va souffler assez fort. <strong>Des rafales jusqu&rsquo;\u00e0 70 km\/h sont attendues sur le littoral varois, et qui entra\u00eene un risque incendie tr\u00e8s s\u00e9v\u00e8re.<\/strong><\/p>\n<p>&#13;<\/p>\n<p>En cons\u00e9quence quatre\u00a0massifs du Var et ceux situ\u00e9s dans 6 communes des Alpes Maritimes \u00e0 la fronti\u00e8re avec le Var (Massif Est\u00e9rel \/ Tanneron) seront ferm\u00e9s ce jeudi 21 ao\u00fbt.<\/p>\n<p>&#13;<\/p>\n<p>Il n&rsquo;y a pas de fermeture de massif dans les trois autres d\u00e9partements ce jeudi. Ils sont tous ouverts dans les Bouches du\u00a0 Rh\u00f4ne, les Alpes de Haute Provence et le Vaucluse.<\/p>\n<p>&#13;<\/p>\n<p>\t\t\t\tDe nombreuses plages interdites d&rsquo;acc\u00e8s ce vendredi&#13;<\/p>\n<p style=\"margin-left: 30px;\">C&rsquo;est toute une bande littoral situ\u00e9e entre Cannes et le Pradet qui sera \u00e9galement touch\u00e9e par cette fermeture des massifs. Ainsi,<strong> de nombreuses plages accessibles uniquement en traversant les massifs ou via le sentier du littoral seront interdites d&rsquo;acc\u00e8s ce jeudi.<\/strong><\/p>\n<p>&#13;<\/p>\n<p style=\"margin-left: 30px;\">Cela ne concerne cependant pas le Parc National de Port Cros, qui reste en alerte orange, avec un acc\u00e8s d\u00e9conseill\u00e9 aux massifs mais n\u00e9anmoins autoris\u00e9.<\/p>\n<p>&#13;<br \/>\nCarte des risques incendie aujourd&rsquo;hui 21\/08\/2025&#13;<\/p>\n<p>&gt;\u00a0<strong><a href=\"https:\/\/www.frequence-sud.fr\/art-94311-carte_d_acces_aux_massifs_-_risque_incendie_2025_region_paca\" target=\"_blank\" rel=\"nofollow noopener\">Consulter la carte des risques incendies r\u00e9actualis\u00e9e chaque jour<\/a><\/strong><\/p>\n<p>&#13;<br \/>\n&#13;<br \/>\n &#13;<\/p>\n<p>\u00a0<\/p>\n<p>&#13;<\/p>\n<p>L\u00e9gende<br \/>Couleur\u00a0<strong>Vert\u00a0<\/strong>\/\u00a0<strong class=\"jaune_txt\">jaune<\/strong>\u00a0: niveau de risque incendie mod\u00e9r\u00e9 : il convient de faire preuve de prudence<br \/>Couleur\u00a0<strong>orange\u00a0<\/strong>: niveau de risque incendie s\u00e9v\u00e8re : la p\u00e9n\u00e9tration dans les massifs est d\u00e9conseill\u00e9e<br \/>Couleur\u00a0: niveau de risque incendie tr\u00e8s s\u00e9v\u00e8re : l&rsquo;acc\u00e8s aux massifs est interdit.<\/p>\n<p>&#13;<\/p>\n<p>Couleur\u00a0<strong>noire<\/strong>\u00a0: niveau de risque incendie exceptionnel : L&rsquo;acc\u00e8s aux massifs est interdit<\/p>\n<p>&#13;<\/p>\n<p class=\"taille12\">Carte valable pour aujourd&rsquo;hui 21\/08\/2025<\/p>\n<p>&#13;<br \/>\n4 massifs ferm\u00e9s dans le Var&#13;<\/p>\n<p class=\"focus\">Corniche des Maures<br \/>Maures<br \/>Centre Var<br \/>Est\u00e9rel<\/p>\n<p>&#13;<br \/>\nmassifs ferm\u00e9s dans les Alpes Maritimes&#13;<\/p>\n<p>Sur les communes de:<\/p>\n<p>&#13;<\/p>\n<p class=\"focus\">THEOULE-SUR-MER<br \/>AURIBEAU-SUR-SIAGNE<br \/>MANDELIEU-LA-NAPOULE<br \/>PEGOMAS<br \/>PEYMEINADE<br \/>LE TIGNET<\/p>\n<p>&#13;<\/p>\n<p class=\"taille12\">Sources : Pr\u00e9fectures des Bouches-du-Rh\u00f4ne, du Var, Alpes Maritimes , Vaucluse et Alpes de Haute Provence<\/p>\n<p>&#13;<\/p>\n<p>\u00a0<\/p>\n","protected":false},"excerpt":{"rendered":"Malgr\u00e9 les quelques orages qui ont touch\u00e9 le Var et les Alpes Maritimes ce mercredi, le mistral sera&hellip;\n","protected":false},"author":2,"featured_media":332643,"comment_status":"","ping_status":"","sticky":false,"template":"","format":"standard","meta":{"footnotes":""},"categories":[2819],"tags":[1111,11,1777,674,1011,27,12,2401,882,25],"class_list":{"0":"post-332642","1":"post","2":"type-post","3":"status-publish","4":"format-standard","5":"has-post-thumbnail","7":"category-nice","8":"tag-actu","9":"tag-actualites","10":"tag-eu","11":"tag-europe","12":"tag-fr","13":"tag-france","14":"tag-news","15":"tag-nice","16":"tag-provence-alpes-cote-dazur","17":"tag-republique-francaise"},"share_on_mastodon":{"url":"https:\/\/pubeurope.com\/@fr\/115063684089087659","error":""},"_links":{"self":[{"href":"https:\/\/www.europesays.com\/fr\/wp-json\/wp\/v2\/posts\/332642","targetHints":{"allow":["GET"]}}],"collection":[{"href":"https:\/\/www.europesays.com\/fr\/wp-json\/wp\/v2\/posts"}],"about":[{"href":"https:\/\/www.europesays.com\/fr\/wp-json\/wp\/v2\/types\/post"}],"author":[{"embeddable":true,"href":"https:\/\/www.europesays.com\/fr\/wp-json\/wp\/v2\/users\/2"}],"replies":[{"embeddable":true,"href":"https:\/\/www.europesays.com\/fr\/wp-json\/wp\/v2\/comments?post=332642"}],"version-history":[{"count":0,"href":"https:\/\/www.europesays.com\/fr\/wp-json\/wp\/v2\/posts\/332642\/revisions"}],"wp:featuredmedia":[{"embeddable":true,"href":"https:\/\/www.europesays.com\/fr\/wp-json\/wp\/v2\/media\/332643"}],"wp:attachment":[{"href":"https:\/\/www.europesays.com\/fr\/wp-json\/wp\/v2\/media?parent=332642"}],"wp:term":[{"taxonomy":"category","embeddable":true,"href":"https:\/\/www.europesays.com\/fr\/wp-json\/wp\/v2\/categories?post=332642"},{"taxonomy":"post_tag","embeddable":true,"href":"https:\/\/www.europesays.com\/fr\/wp-json\/wp\/v2\/tags?post=332642"}],"curies":[{"name":"wp","href":"https:\/\/api.w.org\/{rel}","templated":true}]}}