{"id":332644,"date":"2025-08-20T23:27:16","date_gmt":"2025-08-20T23:27:16","guid":{"rendered":"https:\/\/www.europesays.com\/fr\/332644\/"},"modified":"2025-08-20T23:27:16","modified_gmt":"2025-08-20T23:27:16","slug":"nice-vigilance-jaune-orage-sur-les-alpes-maritimes","status":"publish","type":"post","link":"https:\/\/www.europesays.com\/fr\/332644\/","title":{"rendered":"NICE : Vigilance JAUNE \u00ab\u00a0orage\u00a0\u00bb sur les Alpes-Maritimes"},"content":{"rendered":"<p><strong>Vigilance jaune \u00ab orage \u00bb sur le d\u00e9partement des Alpes-Maritimes.<\/strong><strong>\u00a0<\/strong><\/p>\n<p><strong>Depuis 11 heures :<\/strong><\/p>\n<ul>\n<li><strong>Fermeture des parcs et jardins<\/strong><\/li>\n<li><strong>Fermeture\u00a0du sentier du littoral<\/strong><\/li>\n<\/ul>\n<p><strong>Ce mercredi 20 ao\u00fbt 2025<\/strong>, notre d\u00e9partement est plac\u00e9 par M\u00e9t\u00e9o-France en vigilance jaune <strong>\u00ab orage \u00bb<\/strong>. Sur le littoral, des rafales de <strong>60 \u00e0<\/strong> <strong>80 km\/h<\/strong> sont attendues, des <strong>pluies de 40 \u00e0 60 mm\/h<\/strong>, et <strong>localement de la gr\u00eale<\/strong>.<\/p>\n<p>Afin d\u2019assurer la s\u00e9curit\u00e9 de toutes et tous, <strong>Christian Estrosi<\/strong>, Maire de Nice, Pr\u00e9sident de la M\u00e9tropole Nice C\u00f4te d\u2019Azur et Pr\u00e9sident d\u00e9l\u00e9gu\u00e9 de la R\u00e9gion Provence-Alpes-C\u00f4te d\u2019Azur, <strong>a d\u00e9cid\u00e9 de fermer, depuis 11 heures <\/strong>:<\/p>\n<ul>\n<li><strong>L\u2019ensemble des parcs et jardins de la ville<\/strong><\/li>\n<li><strong>Le sentier du littoral<\/strong><strong>\u00a0<\/strong><\/li>\n<\/ul>\n<p>Les services de la Ville de Nice et de la M\u00e9tropole Nice C\u00f4te d\u2019Azur sont pleinement mobilis\u00e9s pour faire face \u00e0 toute \u00e9ventualit\u00e9 sur l\u2019ensemble du territoire.<\/p>\n","protected":false},"excerpt":{"rendered":"Vigilance jaune \u00ab orage \u00bb sur le d\u00e9partement des Alpes-Maritimes.\u00a0 Depuis 11 heures : Fermeture des parcs et&hellip;\n","protected":false},"author":2,"featured_media":112206,"comment_status":"","ping_status":"","sticky":false,"template":"","format":"standard","meta":{"footnotes":""},"categories":[2819],"tags":[1111,11,1777,674,1011,27,12,2401,882,25],"class_list":{"0":"post-332644","1":"post","2":"type-post","3":"status-publish","4":"format-standard","5":"has-post-thumbnail","7":"category-nice","8":"tag-actu","9":"tag-actualites","10":"tag-eu","11":"tag-europe","12":"tag-fr","13":"tag-france","14":"tag-news","15":"tag-nice","16":"tag-provence-alpes-cote-dazur","17":"tag-republique-francaise"},"share_on_mastodon":{"url":"https:\/\/pubeurope.com\/@fr\/115063687964165076","error":""},"_links":{"self":[{"href":"https:\/\/www.europesays.com\/fr\/wp-json\/wp\/v2\/posts\/332644","targetHints":{"allow":["GET"]}}],"collection":[{"href":"https:\/\/www.europesays.com\/fr\/wp-json\/wp\/v2\/posts"}],"about":[{"href":"https:\/\/www.europesays.com\/fr\/wp-json\/wp\/v2\/types\/post"}],"author":[{"embeddable":true,"href":"https:\/\/www.europesays.com\/fr\/wp-json\/wp\/v2\/users\/2"}],"replies":[{"embeddable":true,"href":"https:\/\/www.europesays.com\/fr\/wp-json\/wp\/v2\/comments?post=332644"}],"version-history":[{"count":0,"href":"https:\/\/www.europesays.com\/fr\/wp-json\/wp\/v2\/posts\/332644\/revisions"}],"wp:featuredmedia":[{"embeddable":true,"href":"https:\/\/www.europesays.com\/fr\/wp-json\/wp\/v2\/media\/112206"}],"wp:attachment":[{"href":"https:\/\/www.europesays.com\/fr\/wp-json\/wp\/v2\/media?parent=332644"}],"wp:term":[{"taxonomy":"category","embeddable":true,"href":"https:\/\/www.europesays.com\/fr\/wp-json\/wp\/v2\/categories?post=332644"},{"taxonomy":"post_tag","embeddable":true,"href":"https:\/\/www.europesays.com\/fr\/wp-json\/wp\/v2\/tags?post=332644"}],"curies":[{"name":"wp","href":"https:\/\/api.w.org\/{rel}","templated":true}]}}