{"id":332645,"date":"2025-08-20T23:28:11","date_gmt":"2025-08-20T23:28:11","guid":{"rendered":"https:\/\/www.europesays.com\/fr\/332645\/"},"modified":"2025-08-20T23:28:11","modified_gmt":"2025-08-20T23:28:11","slug":"previsions-du-jeudi-21-aout-2025-2","status":"publish","type":"post","link":"https:\/\/www.europesays.com\/fr\/332645\/","title":{"rendered":"pr\u00e9visions du jeudi 21 ao\u00fbt 2025"},"content":{"rendered":"<p>\u00c0 Nantes, les temp\u00e9ratures afficheront entre 15\u00b0C et 28\u00b0C dans la journ\u00e9e. Un vent de nord soufflera un peu, avec 16 km\/h. Le matin, le vent va peu \u00e0 peu chasser les nuages. Cet apr\u00e8s-midi sera synonyme de grand soleil. L&rsquo;air ambiant va se r\u00e9chauffer avec une augmentation de plusieurs degr\u00e9s. Les valeurs seront comprises entre 26 et 28\u00b0C. Un ciel d\u00e9pourvu de nuages est \u00e0 pr\u00e9voir dans la nuit reliant jeudi et vendredi.<\/p>\n<p>C&rsquo;est un soleil magnifique qui va briller demain sur Nantes. Le mercure va descendre de quelques degr\u00e9s. Les temp\u00e9ratures s&rsquo;\u00e9chelonneront entre 11 et 28\u00b0C. Une petite brise de nord-est sera ressentie par les habitants. Une m\u00e9t\u00e9o plus chaude est attendue demain apr\u00e8s-midi puisque les temp\u00e9ratures vont conna\u00eetre une hausse. Les valeurs seront de 26\u00b0C au minimum et de 28\u00b0C au plus haut.<\/p>\n<p>Le temps restera stable les jours \u00e0 venir. Une m\u00e9t\u00e9o ensoleill\u00e9e, pour des temp\u00e9ratures de 31\u00b0C environ, est pr\u00e9vue.<\/p>\n<p><\/p>\n","protected":false},"excerpt":{"rendered":"\u00c0 Nantes, les temp\u00e9ratures afficheront entre 15\u00b0C et 28\u00b0C dans la journ\u00e9e. Un vent de nord soufflera un&hellip;\n","protected":false},"author":2,"featured_media":332646,"comment_status":"","ping_status":"","sticky":false,"template":"","format":"standard","meta":{"footnotes":""},"categories":[2818],"tags":[1111,11,1777,674,1011,27,766,12,2636,2119,25],"class_list":{"0":"post-332645","1":"post","2":"type-post","3":"status-publish","4":"format-standard","5":"has-post-thumbnail","7":"category-nantes","8":"tag-actu","9":"tag-actualites","10":"tag-eu","11":"tag-europe","12":"tag-fr","13":"tag-france","14":"tag-nantes","15":"tag-news","16":"tag-pays-de-la-loire","17":"tag-previsions-meteo","18":"tag-republique-francaise"},"share_on_mastodon":{"url":"https:\/\/pubeurope.com\/@fr\/115063691983757361","error":""},"_links":{"self":[{"href":"https:\/\/www.europesays.com\/fr\/wp-json\/wp\/v2\/posts\/332645","targetHints":{"allow":["GET"]}}],"collection":[{"href":"https:\/\/www.europesays.com\/fr\/wp-json\/wp\/v2\/posts"}],"about":[{"href":"https:\/\/www.europesays.com\/fr\/wp-json\/wp\/v2\/types\/post"}],"author":[{"embeddable":true,"href":"https:\/\/www.europesays.com\/fr\/wp-json\/wp\/v2\/users\/2"}],"replies":[{"embeddable":true,"href":"https:\/\/www.europesays.com\/fr\/wp-json\/wp\/v2\/comments?post=332645"}],"version-history":[{"count":0,"href":"https:\/\/www.europesays.com\/fr\/wp-json\/wp\/v2\/posts\/332645\/revisions"}],"wp:featuredmedia":[{"embeddable":true,"href":"https:\/\/www.europesays.com\/fr\/wp-json\/wp\/v2\/media\/332646"}],"wp:attachment":[{"href":"https:\/\/www.europesays.com\/fr\/wp-json\/wp\/v2\/media?parent=332645"}],"wp:term":[{"taxonomy":"category","embeddable":true,"href":"https:\/\/www.europesays.com\/fr\/wp-json\/wp\/v2\/categories?post=332645"},{"taxonomy":"post_tag","embeddable":true,"href":"https:\/\/www.europesays.com\/fr\/wp-json\/wp\/v2\/tags?post=332645"}],"curies":[{"name":"wp","href":"https:\/\/api.w.org\/{rel}","templated":true}]}}