{"id":332649,"date":"2025-08-20T23:30:11","date_gmt":"2025-08-20T23:30:11","guid":{"rendered":"https:\/\/www.europesays.com\/fr\/332649\/"},"modified":"2025-08-20T23:30:11","modified_gmt":"2025-08-20T23:30:11","slug":"previsions-du-jeudi-21-aout-2025-3","status":"publish","type":"post","link":"https:\/\/www.europesays.com\/fr\/332649\/","title":{"rendered":"pr\u00e9visions du jeudi 21 ao\u00fbt 2025"},"content":{"rendered":"<p>\u00c0 Bordeaux les temp\u00e9ratures iront de 16 \u00e0 25\u00b0C sur l&rsquo;ensemble de la journ\u00e9e. Petits et grands pourront passer leur matin\u00e9e sous un ciel l\u00e9g\u00e8rement nuageux. Les valeurs tourneront autour des 20\u00b0C. Un vent de nord soufflera un peu, avec 11 km\/h. Le ciel sera couvert dans l&rsquo;apr\u00e8s-midi. En revanche, les temp\u00e9ratures vont enregistrer une hausse de quelques degr\u00e9s. Les maximales atteindront les 25\u00b0C et les minimales seront de 23\u00b0C. Des \u00e9claircies sont attendues : on passera une soir\u00e9e agr\u00e9able. Les temp\u00e9ratures tourneront autour des 20\u00b0C. Une nuit claire vous attendra entre jeudi et vendredi.<\/p>\n<p>La m\u00e9t\u00e9o va se r\u00e9chauffer demain \u00e0 Bordeaux avec une augmentation de quelques degr\u00e9s. Il fera 22\u00b0C en moyenne. Un vent de nord-ouest rafra\u00eechira quelque peu l&rsquo;atmosph\u00e8re. On pr\u00e9voit une embellie pour cette matin\u00e9e. Le soleil sera au rendez-vous : un magnifique apr\u00e8s-midi se pr\u00e9sente ! Les temp\u00e9ratures vont monter de plusieurs degr\u00e9s. Les valeurs seront de 26\u00b0C au plus bas et de 29\u00b0C au maximum. Demain soir, le thermom\u00e8tre affichera 21\u00b0C en moyenne.<\/p>\n<p>Pour la suite, la m\u00e9t\u00e9o ne changera pas. Une m\u00e9t\u00e9o ensoleill\u00e9e, pour des temp\u00e9ratures de 34\u00b0C en moyenne, est attendue.<\/p>\n<p><\/p>\n","protected":false},"excerpt":{"rendered":"\u00c0 Bordeaux les temp\u00e9ratures iront de 16 \u00e0 25\u00b0C sur l&rsquo;ensemble de la journ\u00e9e. Petits et grands pourront&hellip;\n","protected":false},"author":2,"featured_media":332650,"comment_status":"","ping_status":"","sticky":false,"template":"","format":"standard","meta":{"footnotes":""},"categories":[2817],"tags":[1111,11,1997,1777,674,1011,27,12,2219,2119,25],"class_list":{"0":"post-332649","1":"post","2":"type-post","3":"status-publish","4":"format-standard","5":"has-post-thumbnail","7":"category-bordeaux","8":"tag-actu","9":"tag-actualites","10":"tag-bordeaux","11":"tag-eu","12":"tag-europe","13":"tag-fr","14":"tag-france","15":"tag-news","16":"tag-nouvelle-aquitaine","17":"tag-previsions-meteo","18":"tag-republique-francaise"},"share_on_mastodon":{"url":"https:\/\/pubeurope.com\/@fr\/115063699817143403","error":""},"_links":{"self":[{"href":"https:\/\/www.europesays.com\/fr\/wp-json\/wp\/v2\/posts\/332649","targetHints":{"allow":["GET"]}}],"collection":[{"href":"https:\/\/www.europesays.com\/fr\/wp-json\/wp\/v2\/posts"}],"about":[{"href":"https:\/\/www.europesays.com\/fr\/wp-json\/wp\/v2\/types\/post"}],"author":[{"embeddable":true,"href":"https:\/\/www.europesays.com\/fr\/wp-json\/wp\/v2\/users\/2"}],"replies":[{"embeddable":true,"href":"https:\/\/www.europesays.com\/fr\/wp-json\/wp\/v2\/comments?post=332649"}],"version-history":[{"count":0,"href":"https:\/\/www.europesays.com\/fr\/wp-json\/wp\/v2\/posts\/332649\/revisions"}],"wp:featuredmedia":[{"embeddable":true,"href":"https:\/\/www.europesays.com\/fr\/wp-json\/wp\/v2\/media\/332650"}],"wp:attachment":[{"href":"https:\/\/www.europesays.com\/fr\/wp-json\/wp\/v2\/media?parent=332649"}],"wp:term":[{"taxonomy":"category","embeddable":true,"href":"https:\/\/www.europesays.com\/fr\/wp-json\/wp\/v2\/categories?post=332649"},{"taxonomy":"post_tag","embeddable":true,"href":"https:\/\/www.europesays.com\/fr\/wp-json\/wp\/v2\/tags?post=332649"}],"curies":[{"name":"wp","href":"https:\/\/api.w.org\/{rel}","templated":true}]}}