{"id":332651,"date":"2025-08-20T23:31:18","date_gmt":"2025-08-20T23:31:18","guid":{"rendered":"https:\/\/www.europesays.com\/fr\/332651\/"},"modified":"2025-08-20T23:31:18","modified_gmt":"2025-08-20T23:31:18","slug":"les-patients-diagnostiques-sont-systematiquement-hospitalises","status":"publish","type":"post","link":"https:\/\/www.europesays.com\/fr\/332651\/","title":{"rendered":"\u00ab\u00a0Les patients diagnostiqu\u00e9s sont syst\u00e9matiquement hospitalis\u00e9s\u00a0\u00bb"},"content":{"rendered":"<p><a href=\"https:\/\/www.pasteur.fr\/fr\/centre-medical\/fiches-maladies\/legionellose\" target=\"_blank\" rel=\"nofollow noopener\">Le nombre de cas d\u00e9clar\u00e9s de l\u00e9gionellose progresse r\u00e9guli\u00e8rement,<\/a> analyse \u00c9milie Bess\u00e8de, biologiste au CHU de Bordeaux. Elle explique ce ph\u00e9nom\u00e8ne par la multiplication des brumisateurs publics, pulv\u00e9risateurs d\u2019eau, rafra\u00eechisseurs et autres climatisations. \u00ab\u00a0Tout ce qui est accessible au grand public est cens\u00e9 faire l\u2019objet de contr\u00f4les en temps r\u00e9el, rappelle-t-elle. C\u2019est le cas, d\u2019ailleurs, ce qui permet aux responsables de sites tels que les h\u00f4pitaux, les entreprises et les lieux publics de surveiller le taux de bact\u00e9ries et de r\u00e9agir en cas de doute.\u00a0\u00bb<\/p>\n<p>        <img decoding=\"async\" id=\"25612591\" src=\"https:\/\/www.europesays.com\/fr\/wp-content\/uploads\/2025\/08\/emilie-bessede.jpg\" alt=\"\u00c9milie Bess\u00e8de, biologiste au CHU de Bordeaux\" itemprop=\"contentURL\"\/><\/p>\n<p>    \u00c9milie Bess\u00e8de, biologiste au CHU de Bordeaux<\/p>\n<p>CHU de Bordeaux<\/p>\n<p>La l\u00e9gionellose a longtemps \u00e9t\u00e9 qualifi\u00e9e de \u00ab\u00a0maladie du confort\u00a0\u00bb parce qu\u2019elle est directement li\u00e9e \u00e0 l\u2019utilisation des syst\u00e8mes modernes d\u2019alimentation en eau, notamment les r\u00e9seaux d\u2019eau chaude sanitaire, les tours de refroidissement, les bains \u00e0 remous, les brumisateurs et les syst\u00e8mes d\u2019air conditionn\u00e9. \u00ab\u00a0Elle doit son nom \u00e0 une \u00e9pid\u00e9mie survenue en 1976 lors d\u2019un congr\u00e8s de la L\u00e9gion am\u00e9ricaine \u00e0 Philadelphie, mettant en cause une bact\u00e9rie qui survit dans l\u2019eau mais n\u2019est d\u00e9truite qu\u2019au-del\u00e0 de\u00a045\u00a0\u00b0C\u00a0\u00bb, pr\u00e9cise la biologiste bordelaise.<\/p>\n<p>Fi\u00e8vre \u00e0 40 \u00b0C, toux et maux de ventre<\/p>\n<p>\u00ab\u00a0La maladie est rare, compte tenu de nos expositions r\u00e9p\u00e9t\u00e9es, soutien le professeur Charles Cazanave, infectiologue au CHU de Bordeaux. Il s\u2019agit d\u2019une pneumopathie, une infection des poumons avec un taux de l\u00e9talit\u00e9 qui n\u2019est pas n\u00e9gligeable.\u00a0\u00bb \u00c9milie Bess\u00e8de rappelle de son c\u00f4t\u00e9 que les personnes contractent l\u2019infection \u00ab\u00a0 par l\u2019inhalation de gouttelettes d\u2019eau contenant la bact\u00e9rie. La maladie est \u00e0 d\u00e9claration obligatoire, ce qui permet aux autorit\u00e9s sanitaires d\u2019engager une enqu\u00eate pour identifier l\u2019origine de la contamination et la contenir\u00a0\u00bb.<\/p>\n<p>La l\u00e9gionellose est difficile \u00e0 identifier car les sympt\u00f4mes peuvent laisser croire \u00e0 un \u00e9tat grippal, et beaucoup de cas passent aux travers des filets des autorit\u00e9s sanitaires. \u00ab\u00a0Le diagnostic est compliqu\u00e9 \u00e0 poser, admet le professeur Cazanave. Apr\u00e8s l\u2019examen clinique du patient, il faut pratiquer un interrogatoire. Avez-vous utilis\u00e9 une douche publique, une au fond du jardin ? Avez-vous fait couler l\u2019eau un peu avant pour \u00e9vacuer une \u00e9ventuelle bact\u00e9rie\u00a0? Les douches peu utilis\u00e9es peuvent abriter cette bact\u00e9rie. Idem pour les climatisations dans les h\u00f4tels ou les avions. Donc nous posons toutes ces questions. Puis il faut pratiquer une simple analyse d\u2019urine qui va permettre de chercher la bact\u00e9rie.\u00a0\u00bb<\/p>\n<p>        <img decoding=\"async\" id=\"22743676\" src=\"https:\/\/www.europesays.com\/fr\/wp-content\/uploads\/2025\/08\/sudouest-photo-1-31897110.jpg\" alt=\"Le professeur Charles Cazanave, infectiologue au CHU de Bordeaux\" itemprop=\"contentURL\"\/><\/p>\n<p>    Le professeur Charles Cazanave, infectiologue au CHU de Bordeaux<\/p>\n<p>archives Thierry DAVID \/ O<\/p>\n<p>\u00ab\u00a0Le patient touch\u00e9 par la l\u00e9gionelle pr\u00e9sente une fi\u00e8vre jusqu\u2019\u00e0 40\u00a0\u00b0C, poursuit le sp\u00e9cialiste. La pneumonie d\u00e9bute tr\u00e8s vite, avec une toux associ\u00e9e \u00e0 des douleurs musculaires, des maux de t\u00eate \u2013\u00a0jusqu\u2019\u00e0 la confusion parfois\u00a0\u2013 et des signes digestifs comme des maux de ventre et des diarrh\u00e9es. Syst\u00e9matiquement, les patients diagnostiqu\u00e9s sont hospitalis\u00e9s. Parmi ces patients, un cas sur deux devra \u00eatre transf\u00e9r\u00e9 en r\u00e9animation. Les personnes les plus expos\u00e9es sont les seniors, bien s\u00fbr, mais aussi les malades chroniques respiratoires, les fumeurs, les alcooliques et les cardiaques.\u00a0\u00bb<\/p>\n","protected":false},"excerpt":{"rendered":"Le nombre de cas d\u00e9clar\u00e9s de l\u00e9gionellose progresse r\u00e9guli\u00e8rement, analyse \u00c9milie Bess\u00e8de, biologiste au CHU de Bordeaux. Elle&hellip;\n","protected":false},"author":2,"featured_media":332652,"comment_status":"","ping_status":"","sticky":false,"template":"","format":"standard","meta":{"footnotes":""},"categories":[2817],"tags":[1111,11,1997,1777,674,1011,27,12,2219,25],"class_list":{"0":"post-332651","1":"post","2":"type-post","3":"status-publish","4":"format-standard","5":"has-post-thumbnail","7":"category-bordeaux","8":"tag-actu","9":"tag-actualites","10":"tag-bordeaux","11":"tag-eu","12":"tag-europe","13":"tag-fr","14":"tag-france","15":"tag-news","16":"tag-nouvelle-aquitaine","17":"tag-republique-francaise"},"share_on_mastodon":{"url":"https:\/\/pubeurope.com\/@fr\/115063704275542016","error":""},"_links":{"self":[{"href":"https:\/\/www.europesays.com\/fr\/wp-json\/wp\/v2\/posts\/332651","targetHints":{"allow":["GET"]}}],"collection":[{"href":"https:\/\/www.europesays.com\/fr\/wp-json\/wp\/v2\/posts"}],"about":[{"href":"https:\/\/www.europesays.com\/fr\/wp-json\/wp\/v2\/types\/post"}],"author":[{"embeddable":true,"href":"https:\/\/www.europesays.com\/fr\/wp-json\/wp\/v2\/users\/2"}],"replies":[{"embeddable":true,"href":"https:\/\/www.europesays.com\/fr\/wp-json\/wp\/v2\/comments?post=332651"}],"version-history":[{"count":0,"href":"https:\/\/www.europesays.com\/fr\/wp-json\/wp\/v2\/posts\/332651\/revisions"}],"wp:featuredmedia":[{"embeddable":true,"href":"https:\/\/www.europesays.com\/fr\/wp-json\/wp\/v2\/media\/332652"}],"wp:attachment":[{"href":"https:\/\/www.europesays.com\/fr\/wp-json\/wp\/v2\/media?parent=332651"}],"wp:term":[{"taxonomy":"category","embeddable":true,"href":"https:\/\/www.europesays.com\/fr\/wp-json\/wp\/v2\/categories?post=332651"},{"taxonomy":"post_tag","embeddable":true,"href":"https:\/\/www.europesays.com\/fr\/wp-json\/wp\/v2\/tags?post=332651"}],"curies":[{"name":"wp","href":"https:\/\/api.w.org\/{rel}","templated":true}]}}