{"id":332655,"date":"2025-08-20T23:33:11","date_gmt":"2025-08-20T23:33:11","guid":{"rendered":"https:\/\/www.europesays.com\/fr\/332655\/"},"modified":"2025-08-20T23:33:11","modified_gmt":"2025-08-20T23:33:11","slug":"previsions-du-jeudi-21-aout-2025-4","status":"publish","type":"post","link":"https:\/\/www.europesays.com\/fr\/332655\/","title":{"rendered":"pr\u00e9visions du jeudi 21 ao\u00fbt 2025"},"content":{"rendered":"<p>\u00c0 Toulouse, la m\u00e9t\u00e9o sera mitig\u00e9e dans la journ\u00e9e avec de petites averses. Il va faire en moyenne 20\u00b0C. Un petit vent de nord-ouest soufflera. Le temps va se r\u00e9chauffer l&rsquo;apr\u00e8s-midi avec une augmentation de plusieurs degr\u00e9s. Les valeurs iront de 21 \u00e0 24\u00b0C. Les nuages en pr\u00e9vision le soir, et un ciel encore gris. La m\u00e9t\u00e9o sera ponctu\u00e9e par des pluies \u00e9parses. On pr\u00e9voit des temp\u00e9ratures avoisinant 20\u00b0C. Entre jeudi et vendredi, la nuit sera claire.<\/p>\n<p>La ville de Toulouse aura quelques \u00e9claircies demain. C&rsquo;est une hausse de quelques degr\u00e9s que vont enregistrer les temp\u00e9ratures. Les valeurs seront comprises entre 15 et 27\u00b0C. Une l\u00e9g\u00e8re brise de nord-ouest sera ressentie par les habitants. Il fera 20\u00b0C en moyenne le matin. Les temp\u00e9ratures vont conna\u00eetre une augmentation de plusieurs degr\u00e9s dans l&rsquo;apr\u00e8s-midi. Les valeurs afficheront entre 26 et 27\u00b0C.<\/p>\n<p>Pour les jours suivants, le temps ne changera pas. Il va faire un temps plut\u00f4t ensoleill\u00e9 avec des temp\u00e9ratures autour de 32\u00b0C.<\/p>\n<p><\/p>\n","protected":false},"excerpt":{"rendered":"\u00c0 Toulouse, la m\u00e9t\u00e9o sera mitig\u00e9e dans la journ\u00e9e avec de petites averses. Il va faire en moyenne&hellip;\n","protected":false},"author":2,"featured_media":332656,"comment_status":"","ping_status":"","sticky":false,"template":"","format":"standard","meta":{"footnotes":""},"categories":[2816],"tags":[1111,11,1777,674,1011,27,2722,2721,12,2680,2119,25,2312],"class_list":{"0":"post-332655","1":"post","2":"type-post","3":"status-publish","4":"format-standard","5":"has-post-thumbnail","7":"category-toulouse","8":"tag-actu","9":"tag-actualites","10":"tag-eu","11":"tag-europe","12":"tag-fr","13":"tag-france","14":"tag-haute-garonne","15":"tag-midi-pyrenees","16":"tag-news","17":"tag-occitanie","18":"tag-previsions-meteo","19":"tag-republique-francaise","20":"tag-toulouse"},"share_on_mastodon":{"url":"https:\/\/pubeurope.com\/@fr\/115063711614122918","error":""},"_links":{"self":[{"href":"https:\/\/www.europesays.com\/fr\/wp-json\/wp\/v2\/posts\/332655","targetHints":{"allow":["GET"]}}],"collection":[{"href":"https:\/\/www.europesays.com\/fr\/wp-json\/wp\/v2\/posts"}],"about":[{"href":"https:\/\/www.europesays.com\/fr\/wp-json\/wp\/v2\/types\/post"}],"author":[{"embeddable":true,"href":"https:\/\/www.europesays.com\/fr\/wp-json\/wp\/v2\/users\/2"}],"replies":[{"embeddable":true,"href":"https:\/\/www.europesays.com\/fr\/wp-json\/wp\/v2\/comments?post=332655"}],"version-history":[{"count":0,"href":"https:\/\/www.europesays.com\/fr\/wp-json\/wp\/v2\/posts\/332655\/revisions"}],"wp:featuredmedia":[{"embeddable":true,"href":"https:\/\/www.europesays.com\/fr\/wp-json\/wp\/v2\/media\/332656"}],"wp:attachment":[{"href":"https:\/\/www.europesays.com\/fr\/wp-json\/wp\/v2\/media?parent=332655"}],"wp:term":[{"taxonomy":"category","embeddable":true,"href":"https:\/\/www.europesays.com\/fr\/wp-json\/wp\/v2\/categories?post=332655"},{"taxonomy":"post_tag","embeddable":true,"href":"https:\/\/www.europesays.com\/fr\/wp-json\/wp\/v2\/tags?post=332655"}],"curies":[{"name":"wp","href":"https:\/\/api.w.org\/{rel}","templated":true}]}}