{"id":332657,"date":"2025-08-20T23:34:10","date_gmt":"2025-08-20T23:34:10","guid":{"rendered":"https:\/\/www.europesays.com\/fr\/332657\/"},"modified":"2025-08-20T23:34:10","modified_gmt":"2025-08-20T23:34:10","slug":"previsions-du-jeudi-21-aout-2025-5","status":"publish","type":"post","link":"https:\/\/www.europesays.com\/fr\/332657\/","title":{"rendered":"pr\u00e9visions du jeudi 21 ao\u00fbt 2025"},"content":{"rendered":"<p>Aujourd&rsquo;hui, les Lillois vont pouvoir profiter d&rsquo;un soleil radieux. Les temp\u00e9ratures s&rsquo;\u00e9chelonneront entre 13 et 24\u00b0C. Le matin, on anticipe des valeurs d&rsquo;environ 20\u00b0C. La ville sera touch\u00e9e par un vent de nord-est de 20 km\/h. Les temp\u00e9ratures seront de 19\u00b0C au minimum et de 24\u00b0C au maximum l&rsquo;apr\u00e8s-midi. Le passage de jeudi \u00e0 vendredi s&rsquo;effectuera sous un ciel clair.<\/p>\n<p>Demain, une chute du mercure est \u00e0 craindre \u00e0 Lille. Les valeurs afficheront entre 13 et 22\u00b0C. Une l\u00e9g\u00e8re brise de nord sera ressentie par les habitants. On annonce des \u00e9claircies pour cette matin\u00e9e. Un magnifique soleil va briller et ce, tout au long de l&rsquo;apr\u00e8s-midi. Les temp\u00e9ratures vont grimper de quelques degr\u00e9s. Les valeurs seront comprises entre 19 et 22\u00b0C. Il fera 16\u00b0C en moyenne demain soir.<\/p>\n<p>Les jours qui suivent s&rsquo;annoncent similaires. Des temp\u00e9ratures dans les 25\u00b0C accompagneront un ciel ensoleill\u00e9.<\/p>\n<p><\/p>\n","protected":false},"excerpt":{"rendered":"Aujourd&rsquo;hui, les Lillois vont pouvoir profiter d&rsquo;un soleil radieux. Les temp\u00e9ratures s&rsquo;\u00e9chelonneront entre 13 et 24\u00b0C. Le matin,&hellip;\n","protected":false},"author":2,"featured_media":332658,"comment_status":"","ping_status":"","sticky":false,"template":"","format":"standard","meta":{"footnotes":""},"categories":[2815],"tags":[1111,11,1777,674,1011,27,811,1307,12,1308,1309,2119,25],"class_list":{"0":"post-332657","1":"post","2":"type-post","3":"status-publish","4":"format-standard","5":"has-post-thumbnail","7":"category-lille","8":"tag-actu","9":"tag-actualites","10":"tag-eu","11":"tag-europe","12":"tag-fr","13":"tag-france","14":"tag-hauts-de-france","15":"tag-lille","16":"tag-news","17":"tag-nord","18":"tag-nord-pas-de-calais","19":"tag-previsions-meteo","20":"tag-republique-francaise"},"share_on_mastodon":{"url":"https:\/\/pubeurope.com\/@fr\/115063715652608171","error":""},"_links":{"self":[{"href":"https:\/\/www.europesays.com\/fr\/wp-json\/wp\/v2\/posts\/332657","targetHints":{"allow":["GET"]}}],"collection":[{"href":"https:\/\/www.europesays.com\/fr\/wp-json\/wp\/v2\/posts"}],"about":[{"href":"https:\/\/www.europesays.com\/fr\/wp-json\/wp\/v2\/types\/post"}],"author":[{"embeddable":true,"href":"https:\/\/www.europesays.com\/fr\/wp-json\/wp\/v2\/users\/2"}],"replies":[{"embeddable":true,"href":"https:\/\/www.europesays.com\/fr\/wp-json\/wp\/v2\/comments?post=332657"}],"version-history":[{"count":0,"href":"https:\/\/www.europesays.com\/fr\/wp-json\/wp\/v2\/posts\/332657\/revisions"}],"wp:featuredmedia":[{"embeddable":true,"href":"https:\/\/www.europesays.com\/fr\/wp-json\/wp\/v2\/media\/332658"}],"wp:attachment":[{"href":"https:\/\/www.europesays.com\/fr\/wp-json\/wp\/v2\/media?parent=332657"}],"wp:term":[{"taxonomy":"category","embeddable":true,"href":"https:\/\/www.europesays.com\/fr\/wp-json\/wp\/v2\/categories?post=332657"},{"taxonomy":"post_tag","embeddable":true,"href":"https:\/\/www.europesays.com\/fr\/wp-json\/wp\/v2\/tags?post=332657"}],"curies":[{"name":"wp","href":"https:\/\/api.w.org\/{rel}","templated":true}]}}