{"id":332659,"date":"2025-08-20T23:35:14","date_gmt":"2025-08-20T23:35:14","guid":{"rendered":"https:\/\/www.europesays.com\/fr\/332659\/"},"modified":"2025-08-20T23:35:14","modified_gmt":"2025-08-20T23:35:14","slug":"a-lille-des-commercants-lancent-une-petition-pour-reclamer-lencadrement-des-loyers-commerciaux","status":"publish","type":"post","link":"https:\/\/www.europesays.com\/fr\/332659\/","title":{"rendered":"\u00c0 Lille, des commer\u00e7ants lancent une p\u00e9tition pour r\u00e9clamer l&rsquo;encadrement des loyers commerciaux"},"content":{"rendered":"<p>Des g\u00e9rants de commerces du centre-ville de Lille ont lanc\u00e9 une p\u00e9tition pour d\u00e9noncer des loyers commerciaux hors de contr\u00f4le. \u00ab\u00a0Ma boutique de souvenirs fait 18 m\u00e8tres carr\u00e9s et je paie 5.600 euros de loyer par mois\u00a0\u00bb, raconte l&rsquo;un de ses auteurs. <\/p>\n<p>\u00c0 Lille, \u00ab\u00a0les loyers commerciaux \u00e9tranglent les commerces\u00a0\u00bb.\u00a0 Des g\u00e9rants de bars, restaurants et boutiques du centre-ville ont lanc\u00e9 une\u00a0 p\u00e9tition ce jeudi 14 ao\u00fbt 2025 pour d\u00e9noncer la hausse des loyers commerciaux \u00ab\u00a0devenus intenables\u00a0\u00bb dans la Capitale des Flandres. <strong>Pr\u00e8s de 1.000 signatures<\/strong> ont d\u00e9j\u00e0 \u00e9t\u00e9 r\u00e9colt\u00e9es sur\u00a0<a target=\"_blank\" rel=\"nofollow noopener noreferrer\" class=\"IciLink ici-link IciArticleLink g-ici-body-regular-1 underline brand svelte-lu7k6w\" href=\"https:\/\/www.change.org\/p\/%C3%A0-lille-les-loyers-commerciaux-%C3%A9tranglent-les-commerces-il-est-temps-d-agir?recruiter=891584148&amp;recruited_by_id=f6ed9d70-9506-11e8-8cd2-c5b1b2296a49&amp;utm_source=share_petition&amp;utm_campaign=share_petition&amp;utm_term=starter_onboarding_share_personal&amp;utm_medium=copylink&amp;utm_content=cl_sharecopy_490700958_fr-FR%3A7\">Change.org<\/a>, une semaine apr\u00e8s le lancement de la p\u00e9tition.<\/p>\n<p>Dans le centre de Lille, un local commercial de 140 m2 est actuellement propos\u00e9e \u00e0 la location 9.000 euros par mois, rue de la Vieille Com\u00e9die, pr\u00e8s de Rihour. \u00ab\u00a0Certains loyers repr\u00e9sentent aujourd&rsquo;hui jusqu&rsquo;\u00e0 85 % des charges d&rsquo;un commerce \u00e0 Lille\u00a0\u00bb, insistent les auteurs de la p\u00e9tition. Ils interpellent le mairie de Lille et r\u00e9clament <strong>l&rsquo;encadrement des loyers commerciaux<\/strong>.<\/p>\n<p>Un loyer \u00e0 5.600 euros pour un local de 18 m2<\/p>\n<p>\u00ab\u00a0Ma boutique de souvenirs fait 18 m\u00e8tres carr\u00e9s et je paie 5.600 euros de loyer par mois, je ne vends que des gaufres et des cartes postales, c&rsquo;est \u00e9norme quand m\u00eame\u00a0\u00bb, s&rsquo;insurge\u00a0Thomas Delcroix, g\u00e9rant de plusieurs commerces dans le centre de Lille, notamment pr\u00e8s de la Grand&rsquo;Place.<\/p>\n<p><strong>Ses loyers augmentent<\/strong> chaque ann\u00e9e, celui de sa boutique de v\u00eatements, install\u00e9e pr\u00e8s de Rihour,\u00a0a <strong>flamb\u00e9 de 30 % en neuf ans<\/strong>.\u00a0\u00ab\u00a0\u00c7a ne nous laisse pas de r\u00e9pit, on est oblig\u00e9s d&rsquo;ouvrir tous les jours, raconte-t-il. On ne peut pas toujours augmenter nos salari\u00e9s parce que ce loyer p\u00e8se sur nous tous les mois\u00a0\u00bb.<\/p>\n<p>Lille est-elle devenue plus cher que Paris\u00a0?<\/p>\n<p>Lille est jug\u00e9e par les professionnels comme <strong>la ville de province la plus ch\u00e8re<\/strong> de France en mati\u00e8re de loyers commerciaux. \u00ab\u00a0Certaines rues de Lille, notamment dans le Vieux-Lille, sont plus chers que dans certains quartiers de Paris, assure ce g\u00e9rant de commerces. Nous avons une boutique rue du Temple \u00e0 Paris o\u00f9 le prix du loyer au m\u00e8tre carr\u00e9 est plus bas que dans nos boutiques lilloises\u00a0\u00bb.<\/p>\n<p>D&rsquo;o\u00f9 le lancement de la p\u00e9tition. Thomas Delcroix estime que <strong>l&rsquo;avenir des commerces ind\u00e9pendants<\/strong> et la diversit\u00e9 du centre-ville est menac\u00e9\u00a0:\u00a0\u00ab\u00a0le constat est simple\u00a0: il suffit de se balader dans le Vieux-Lille ou dans le centre pour voir que des vitrines sont baiss\u00e9es et que des ind\u00e9pendants sont partis. Il n&rsquo;y a que les grandes cha\u00eenes qui peuvent supporter ces loyers\u00a0\u00bb.<\/p>\n<p>Un encadrement des loyers souhait\u00e9 par la mairie<\/p>\n<p>La mairie de Lille, contact\u00e9e par Ici Nord, assure partager cette inqui\u00e9tude.\u00a0\u00ab\u00a0C&rsquo;est un sentiment que je partage compl\u00e8tement. Quand Martine Aubry \u00e9tait encore maire de Lille, elle avait \u00e9crit \u00e0 Elisabeth Borne, qui \u00e9tait \u00e0 l&rsquo;\u00e9poque Premi\u00e8re ministre, pour lui demander d&rsquo;exp\u00e9rimenter \u00e0 Lille un encadrement des loyers commerciaux et pr\u00e9server la diversit\u00e9 des commerces de proximit\u00e9 dans le centre-ville, mais il y a eu des changements de gouvernement et malheureusement, l&rsquo;\u00c9tat n&rsquo;a pas \u00e9t\u00e9 r\u00e9actif\u00a0\u00bb, rappelle\u00a0Franck Hanoh, adjoint au maire de Lille en charge du commerce.<\/p>\n<p>La mairie de Lille assure qu&rsquo;elle s&rsquo;appr\u00eate \u00e0 \u00e9crire <strong>un courrier au nouveau Premier ministre<\/strong> pour lui demander d&rsquo;\u00eatre ville pilote de l&rsquo;encadrement des loyers commerciaux. La municipalit\u00e9 indique \u00e9galement qu&rsquo;elle prendra contact prochainement avec les auteurs de la p\u00e9tition pour les rencontrer. Ils ont d&rsquo;ailleurs d\u00e9j\u00e0 \u00e9t\u00e9 approch\u00e9s par Violette Spillebout, d\u00e9put\u00e9e du Nord, avec qui ils ont rendez-vous avec elle le 3 septembre prochain.<\/p>\n","protected":false},"excerpt":{"rendered":"Des g\u00e9rants de commerces du centre-ville de Lille ont lanc\u00e9 une p\u00e9tition pour d\u00e9noncer des loyers commerciaux hors&hellip;\n","protected":false},"author":2,"featured_media":332660,"comment_status":"","ping_status":"","sticky":false,"template":"","format":"standard","meta":{"footnotes":""},"categories":[2815],"tags":[1111,11,1777,674,1011,27,811,1307,12,25],"class_list":{"0":"post-332659","1":"post","2":"type-post","3":"status-publish","4":"format-standard","5":"has-post-thumbnail","7":"category-lille","8":"tag-actu","9":"tag-actualites","10":"tag-eu","11":"tag-europe","12":"tag-fr","13":"tag-france","14":"tag-hauts-de-france","15":"tag-lille","16":"tag-news","17":"tag-republique-francaise"},"share_on_mastodon":{"url":"https:\/\/pubeurope.com\/@fr\/115063719459479062","error":""},"_links":{"self":[{"href":"https:\/\/www.europesays.com\/fr\/wp-json\/wp\/v2\/posts\/332659","targetHints":{"allow":["GET"]}}],"collection":[{"href":"https:\/\/www.europesays.com\/fr\/wp-json\/wp\/v2\/posts"}],"about":[{"href":"https:\/\/www.europesays.com\/fr\/wp-json\/wp\/v2\/types\/post"}],"author":[{"embeddable":true,"href":"https:\/\/www.europesays.com\/fr\/wp-json\/wp\/v2\/users\/2"}],"replies":[{"embeddable":true,"href":"https:\/\/www.europesays.com\/fr\/wp-json\/wp\/v2\/comments?post=332659"}],"version-history":[{"count":0,"href":"https:\/\/www.europesays.com\/fr\/wp-json\/wp\/v2\/posts\/332659\/revisions"}],"wp:featuredmedia":[{"embeddable":true,"href":"https:\/\/www.europesays.com\/fr\/wp-json\/wp\/v2\/media\/332660"}],"wp:attachment":[{"href":"https:\/\/www.europesays.com\/fr\/wp-json\/wp\/v2\/media?parent=332659"}],"wp:term":[{"taxonomy":"category","embeddable":true,"href":"https:\/\/www.europesays.com\/fr\/wp-json\/wp\/v2\/categories?post=332659"},{"taxonomy":"post_tag","embeddable":true,"href":"https:\/\/www.europesays.com\/fr\/wp-json\/wp\/v2\/tags?post=332659"}],"curies":[{"name":"wp","href":"https:\/\/api.w.org\/{rel}","templated":true}]}}