{"id":332661,"date":"2025-08-20T23:36:21","date_gmt":"2025-08-20T23:36:21","guid":{"rendered":"https:\/\/www.europesays.com\/fr\/332661\/"},"modified":"2025-08-20T23:36:21","modified_gmt":"2025-08-20T23:36:21","slug":"plus-de-11-millions-daides-publiques-perdus-avec-la-fermeture-de-veracyte","status":"publish","type":"post","link":"https:\/\/www.europesays.com\/fr\/332661\/","title":{"rendered":"plus de 11 millions d\u2019aides publiques perdus avec la fermeture de Veracyte"},"content":{"rendered":"\n<p>\u00ab \u00c0 ce niveau, c\u2019est un \u00e9norme g\u00e2chis\u00a0\u00bb, souffle le syndicaliste. Un mois apr\u00e8s la validation de la reprise de son activit\u00e9 rentable de production de kits de diagnostics du cancer par Heliodag, devenue effective le 1er\u00a0ao\u00fbt dernier, la soci\u00e9t\u00e9 Veracyte SAS attend d\u00e9sormais sa liquidation, pr\u00e9vue courant septembre. L\u00e2ch\u00e9e par la maison m\u00e8re \u00e9tasunienne. Apr\u00e8s le licenciement, d\u00e9j\u00e0 effectif, de 108 de ses salari\u00e9s, cette liquidation viendra fermer d\u00e9finitivement les portes de sa branche de recherche et d\u00e9veloppement install\u00e9e \u00e0 Luminy, dans le 9e\u00a0arrondissement de Marseille. Celle-ci, pourtant, a massivement \u00e9t\u00e9 soutenue par des fonds publics.<\/p>\n<p>Une plong\u00e9e dans les comptes de l\u2019entreprise, consult\u00e9s par La\u00a0Marseillaise, permet de s\u2019en rendre compte. \u00ab\u00a0Veracyte b\u00e9n\u00e9ficie de plusieurs programmes de subventions lui permettant de financer ses projets en phase de d\u00e9veloppement\u00a0\u00bb, y est-il d\u00e9taill\u00e9. Ainsi, en 2021 &#8211;\u00a0ann\u00e9e du rachat par Veracyte\u00a0&#8211; tout comme en 2022, l\u2019entreprise a engag\u00e9 un million d\u2019euros de subventions d\u2019investissements, puis 672\u00a0000\u00a0euros en 2023. S\u2019y ajoutent, sur la m\u00eame p\u00e9riode, pr\u00e8s de 500\u00a0000\u00a0euros de subventions d\u2019exploitation. De l\u2019argent vers\u00e9 par la Banque publique d\u2019investissement (BPI) au titre du Concours mondial innovation, ainsi que par l\u2019Agence nationale de la recherche \u00e0 travers deux programmes de recherche hospitalo-universitaire en sant\u00e9, Pioneer et Myprob, indiquent les comptes de l\u2019entreprise. \u00ab\u00a0Aucun montant n\u2019a \u00e9t\u00e9 vers\u00e9 \u00e0 Veracyte par Bpifrance depuis 2021, la derni\u00e8re intervention datant de 2020\u00a0\u00bb, indique cependant la BPI, en assurant que l\u2019entreprise est \u00e0 jour de ses remboursements. L\u2019agence nationale de la recherche, de son c\u00f4t\u00e9, renvoie vers les \u00e9tablissements coordinateurs qui r\u00e9partissent les subventions.<\/p>\n<p> Manne du cr\u00e9dit d\u2019imp\u00f4ts\n              <\/p>\n<p>La R\u00e9gion Sud a aussi mis au pot. 500\u00a0000\u00a0euros ont accord\u00e9 \u00e0 HalioDx, avant son rachat par Veracyte, \u00ab\u00a0pour agrandir ses locaux et d\u00e9velopper ses activit\u00e9s \u00e0 Luminy\u00a0\u00bb, dont 150\u00a0000\u00a0euros vers\u00e9s d\u00e8s 2021. \u00ab\u00a0L\u2019entreprise a jusqu\u2019en avril\u00a02026 pour fournir les informations n\u00e9cessaires \u00e0 l\u2019ex\u00e9cution de son projet\u00a0\u00bb, pr\u00e9cise la collectivit\u00e9, qui fera un bilan \u00e0 cette date.<\/p>\n<p>Mais c\u2019est surtout du cr\u00e9dit d\u2019imp\u00f4ts recherche qu\u2019a b\u00e9n\u00e9fici\u00e9 l\u2019entreprise, \u00e0 hauteur de 3\u00a0millions d\u2019euros par an, selon le d\u00e9l\u00e9gu\u00e9 CFDT. Quelque 8,2\u00a0millions d\u2019euros, pour la p\u00e9riode de 2021 \u00e0 2023, sont inscrits dans les cr\u00e9ances de la soci\u00e9t\u00e9, qui devront \u00eatre recouverts par le mandataire.<\/p>\n<p>Cette manne devait financer la recherche de l\u2019entreprise. \u00ab\u00a0Notre c\u0153ur de m\u00e9tier, c\u2019\u00e9tait de d\u00e9finir de nouveaux diagnostics en oncologie, nous avions plusieurs projets, un certain nombre bas\u00e9s sur l\u2019IA, explique le syndicaliste. Et un projet \u00e9tait tr\u00e8s bien avanc\u00e9, il ne manquait que quelques \u00e9tudes pour le lancer sur le march\u00e9, l\u2019immunoscore.\u00a0\u00bb Autant de recherches qui n\u2019aboutiront pas, malgr\u00e9 les millions vers\u00e9s. \u00ab\u00a0Tous les projets ont \u00e9t\u00e9 arr\u00eat\u00e9s\u00a0\u00bb, regrette-t-il, amer.<\/p>\n","protected":false},"excerpt":{"rendered":"\u00ab \u00c0 ce niveau, c\u2019est un \u00e9norme g\u00e2chis\u00a0\u00bb, souffle le syndicaliste. Un mois apr\u00e8s la validation de la&hellip;\n","protected":false},"author":2,"featured_media":332662,"comment_status":"","ping_status":"","sticky":false,"template":"","format":"standard","meta":{"footnotes":""},"categories":[2814],"tags":[1111,11,1777,674,1011,27,884,12,882,25,10522],"class_list":{"0":"post-332661","1":"post","2":"type-post","3":"status-publish","4":"format-standard","5":"has-post-thumbnail","7":"category-marseille","8":"tag-actu","9":"tag-actualites","10":"tag-eu","11":"tag-europe","12":"tag-fr","13":"tag-france","14":"tag-marseille","15":"tag-news","16":"tag-provence-alpes-cote-dazur","17":"tag-republique-francaise","18":"tag-subventions"},"share_on_mastodon":{"url":"https:\/\/pubeurope.com\/@fr\/115063723407095746","error":""},"_links":{"self":[{"href":"https:\/\/www.europesays.com\/fr\/wp-json\/wp\/v2\/posts\/332661","targetHints":{"allow":["GET"]}}],"collection":[{"href":"https:\/\/www.europesays.com\/fr\/wp-json\/wp\/v2\/posts"}],"about":[{"href":"https:\/\/www.europesays.com\/fr\/wp-json\/wp\/v2\/types\/post"}],"author":[{"embeddable":true,"href":"https:\/\/www.europesays.com\/fr\/wp-json\/wp\/v2\/users\/2"}],"replies":[{"embeddable":true,"href":"https:\/\/www.europesays.com\/fr\/wp-json\/wp\/v2\/comments?post=332661"}],"version-history":[{"count":0,"href":"https:\/\/www.europesays.com\/fr\/wp-json\/wp\/v2\/posts\/332661\/revisions"}],"wp:featuredmedia":[{"embeddable":true,"href":"https:\/\/www.europesays.com\/fr\/wp-json\/wp\/v2\/media\/332662"}],"wp:attachment":[{"href":"https:\/\/www.europesays.com\/fr\/wp-json\/wp\/v2\/media?parent=332661"}],"wp:term":[{"taxonomy":"category","embeddable":true,"href":"https:\/\/www.europesays.com\/fr\/wp-json\/wp\/v2\/categories?post=332661"},{"taxonomy":"post_tag","embeddable":true,"href":"https:\/\/www.europesays.com\/fr\/wp-json\/wp\/v2\/tags?post=332661"}],"curies":[{"name":"wp","href":"https:\/\/api.w.org\/{rel}","templated":true}]}}