{"id":332663,"date":"2025-08-20T23:37:11","date_gmt":"2025-08-20T23:37:11","guid":{"rendered":"https:\/\/www.europesays.com\/fr\/332663\/"},"modified":"2025-08-20T23:37:11","modified_gmt":"2025-08-20T23:37:11","slug":"adrien-rabiot-de-pilier-de-lom-a-cible-de-lac-milan-video","status":"publish","type":"post","link":"https:\/\/www.europesays.com\/fr\/332663\/","title":{"rendered":"Adrien Rabiot, de pilier de l\u2019OM \u00e0 cible de l\u2019AC Milan vid\u00e9o"},"content":{"rendered":"<p>\n                                            Adul\u00e9 \u00e0 Marseille pour son leadership et sa constance, Adrien Rabiot se retrouve pourtant sur la liste des transferts apr\u00e8s une altercation en interne. Ses statistiques exceptionnelles en 2025 confirment son influence, mais c\u2019est d\u00e9sormais Milan et Allegri qui guettent l\u2019opportunit\u00e9 de s\u2019offrir un milieu d\u2019exp\u00e9rience au moment parfait de sa carri\u00e8re.\n                                    <\/p>\n<p>Vid\u00e9o suivante dans 5 secondes<\/p>\n","protected":false},"excerpt":{"rendered":"Adul\u00e9 \u00e0 Marseille pour son leadership et sa constance, Adrien Rabiot se retrouve pourtant sur la liste des&hellip;\n","protected":false},"author":2,"featured_media":332664,"comment_status":"","ping_status":"","sticky":false,"template":"","format":"standard","meta":{"footnotes":""},"categories":[2814],"tags":[1111,11,2329,1777,674,63,1011,27,23456,46978,884,12,40658,46979,882,25,968],"class_list":{"0":"post-332663","1":"post","2":"type-post","3":"status-publish","4":"format-standard","5":"has-post-thumbnail","7":"category-marseille","8":"tag-actu","9":"tag-actualites","10":"tag-adrien-rabiot","11":"tag-eu","12":"tag-europe","13":"tag-football","14":"tag-fr","15":"tag-france","16":"tag-french","17":"tag-ligue-1-france","18":"tag-marseille","19":"tag-news","20":"tag-news-football","21":"tag-olympique-marseille","22":"tag-provence-alpes-cote-dazur","23":"tag-republique-francaise","24":"tag-roberto-de-zerbi"},"share_on_mastodon":{"url":"https:\/\/pubeurope.com\/@fr\/115063727364421867","error":""},"_links":{"self":[{"href":"https:\/\/www.europesays.com\/fr\/wp-json\/wp\/v2\/posts\/332663","targetHints":{"allow":["GET"]}}],"collection":[{"href":"https:\/\/www.europesays.com\/fr\/wp-json\/wp\/v2\/posts"}],"about":[{"href":"https:\/\/www.europesays.com\/fr\/wp-json\/wp\/v2\/types\/post"}],"author":[{"embeddable":true,"href":"https:\/\/www.europesays.com\/fr\/wp-json\/wp\/v2\/users\/2"}],"replies":[{"embeddable":true,"href":"https:\/\/www.europesays.com\/fr\/wp-json\/wp\/v2\/comments?post=332663"}],"version-history":[{"count":0,"href":"https:\/\/www.europesays.com\/fr\/wp-json\/wp\/v2\/posts\/332663\/revisions"}],"wp:featuredmedia":[{"embeddable":true,"href":"https:\/\/www.europesays.com\/fr\/wp-json\/wp\/v2\/media\/332664"}],"wp:attachment":[{"href":"https:\/\/www.europesays.com\/fr\/wp-json\/wp\/v2\/media?parent=332663"}],"wp:term":[{"taxonomy":"category","embeddable":true,"href":"https:\/\/www.europesays.com\/fr\/wp-json\/wp\/v2\/categories?post=332663"},{"taxonomy":"post_tag","embeddable":true,"href":"https:\/\/www.europesays.com\/fr\/wp-json\/wp\/v2\/tags?post=332663"}],"curies":[{"name":"wp","href":"https:\/\/api.w.org\/{rel}","templated":true}]}}