{"id":332668,"date":"2025-08-20T23:41:14","date_gmt":"2025-08-20T23:41:14","guid":{"rendered":"https:\/\/www.europesays.com\/fr\/332668\/"},"modified":"2025-08-20T23:41:14","modified_gmt":"2025-08-20T23:41:14","slug":"programme-du-musee-de-prehistoire-dile-de-france","status":"publish","type":"post","link":"https:\/\/www.europesays.com\/fr\/332668\/","title":{"rendered":"Programme du mus\u00e9e de Pr\u00e9histoire d&rsquo;\u00cele-de-France"},"content":{"rendered":"<p>    <img decoding=\"async\" src=\"https:\/\/www.europesays.com\/fr\/wp-content\/uploads\/2025\/08\/couverture-programme-musee-de-prehistoire.jpg\" alt=\"Couverture du programme du mus\u00e9e de Pr\u00e9histoire d'\u00cele-de-France\"\/><\/p>\n<p>                  \u00a9 D\u00e9partement de Seine-et-Marne<\/p>\n<p>  \u00c0 chaque saison, le mus\u00e9e d\u00e9partemental de Pr\u00e9histoire d&rsquo;\u00cele-de-France, situ\u00e9 \u00e0 Nemours, propose une programmation pour toute la famille. Ateliers, expositions, conf\u00e9rences et plein d&rsquo;autres animations sont organis\u00e9es pour d\u00e9couvrir la Pr\u00e9histoire.<\/p>\n<p>Consultez ci-dessous la programmation compl\u00e8te.\n  <\/p>\n<p class=\"heading__publication\">\n<p>          1 document<br \/>\n                    Publi\u00e9 le <\/p>\n<p>          20 ao\u00fbt 2025<\/p>\n","protected":false},"excerpt":{"rendered":"\u00a9 D\u00e9partement de Seine-et-Marne \u00c0 chaque saison, le mus\u00e9e d\u00e9partemental de Pr\u00e9histoire d&rsquo;\u00cele-de-France, situ\u00e9 \u00e0 Nemours, propose une&hellip;\n","protected":false},"author":2,"featured_media":332669,"comment_status":"","ping_status":"","sticky":false,"template":"","format":"standard","meta":{"footnotes":""},"categories":[1592],"tags":[1111,11,1777,674,1011,27,662,12,626,25],"class_list":{"0":"post-332668","1":"post","2":"type-post","3":"status-publish","4":"format-standard","5":"has-post-thumbnail","7":"category-ile-de-france","8":"tag-actu","9":"tag-actualites","10":"tag-eu","11":"tag-europe","12":"tag-fr","13":"tag-france","14":"tag-ile-de-france","15":"tag-news","16":"tag-paris","17":"tag-republique-francaise"},"share_on_mastodon":{"url":"https:\/\/pubeurope.com\/@fr\/115063743068938180","error":""},"_links":{"self":[{"href":"https:\/\/www.europesays.com\/fr\/wp-json\/wp\/v2\/posts\/332668","targetHints":{"allow":["GET"]}}],"collection":[{"href":"https:\/\/www.europesays.com\/fr\/wp-json\/wp\/v2\/posts"}],"about":[{"href":"https:\/\/www.europesays.com\/fr\/wp-json\/wp\/v2\/types\/post"}],"author":[{"embeddable":true,"href":"https:\/\/www.europesays.com\/fr\/wp-json\/wp\/v2\/users\/2"}],"replies":[{"embeddable":true,"href":"https:\/\/www.europesays.com\/fr\/wp-json\/wp\/v2\/comments?post=332668"}],"version-history":[{"count":0,"href":"https:\/\/www.europesays.com\/fr\/wp-json\/wp\/v2\/posts\/332668\/revisions"}],"wp:featuredmedia":[{"embeddable":true,"href":"https:\/\/www.europesays.com\/fr\/wp-json\/wp\/v2\/media\/332669"}],"wp:attachment":[{"href":"https:\/\/www.europesays.com\/fr\/wp-json\/wp\/v2\/media?parent=332668"}],"wp:term":[{"taxonomy":"category","embeddable":true,"href":"https:\/\/www.europesays.com\/fr\/wp-json\/wp\/v2\/categories?post=332668"},{"taxonomy":"post_tag","embeddable":true,"href":"https:\/\/www.europesays.com\/fr\/wp-json\/wp\/v2\/tags?post=332668"}],"curies":[{"name":"wp","href":"https:\/\/api.w.org\/{rel}","templated":true}]}}