{"id":332670,"date":"2025-08-20T23:42:12","date_gmt":"2025-08-20T23:42:12","guid":{"rendered":"https:\/\/www.europesays.com\/fr\/332670\/"},"modified":"2025-08-20T23:42:12","modified_gmt":"2025-08-20T23:42:12","slug":"un-an-apres-le-rachat-par-ses-salaries-comment-se-porte-la-verrerie","status":"publish","type":"post","link":"https:\/\/www.europesays.com\/fr\/332670\/","title":{"rendered":"un an apr\u00e8s le rachat par ses salari\u00e9s, comment se porte la verrerie ?"},"content":{"rendered":"<p>            lire plus tard<\/p>\n<p id=\"dialog__title\" class=\"dialog__title\">Pour sauvegarder cet article, connectez-vous ou cr\u00e9ez un compte franceinfo<\/p>\n<p class=\"dialog__description\">Sans paiement. Sans abonnement.<\/p>\n<p>        Fermer la fen\u00eatre d\u2019activation des notifications France Info<\/p>\n<p>            cr\u00e9er votre compte<\/p>\n<p>            se connecter<\/p>\n<p>        Fermer la fen\u00eatre de pr\u00e9sentation<\/p>\n<p>    Publi\u00e9 le 20\/08\/2025 22:55<\/p>\n<p>      Mis \u00e0 jour le 20\/08\/2025 22:55<\/p>\n<p>        Temps de lecture : 4min &#8211; vid\u00e9o : 3min<\/p>\n<p>    <img decoding=\"async\" class=\"francetv-player-wrapper__image\" alt=\"Duralex : un an apr\u00e8s le rachat par ses salari\u00e9s, comment se porte la verrerie ?\"  width=\"432\" height=\"243\" src=\"https:\/\/www.europesays.com\/fr\/wp-content\/uploads\/2025\/08\/duralex-20h-2008-68a63604d5266304464344.jpg\" fetchpriority=\"high\"\/><\/p>\n<p>              Duralex : un an apr\u00e8s le rachat par ses salari\u00e9s, comment se porte la verrerie ?<br \/>\n                    (France 2)<\/p>\n<p>      3min<\/p>\n<p>\n  En 2024, les 243 salari\u00e9s de la verrerie Duralex se lan\u00e7aient dans le sauvetage de leur entreprise en la rachetant pour la transformer en soci\u00e9t\u00e9 coop\u00e9rative. Un an plus tard, le pari a-t-il \u00e9t\u00e9 gagn\u00e9 ? France T\u00e9l\u00e9visions est retourn\u00e9 prendre de leurs nouvelles dans le Loiret.\n<\/p>\n<p><strong>Ce texte correspond \u00e0 une partie de la retranscription du reportage ci-dessus. Cliquez sur la vid\u00e9o pour la regarder en int\u00e9gralit\u00e9.<\/strong><\/p>\n<p>Apr\u00e8s six d\u00e9p\u00f4ts de bilan, ils veulent rendre leur usine incassable. Duralex a \u00e9t\u00e9 <a href=\"https:\/\/www.franceinfo.fr\/economie\/entreprises\/duralex-on-devrait-finir-l-annee-avec-un-chiffre-d-affaires-a-32-millions-d-euros-se-rejouit-le-directeur-industriel-de-la-marque_7409476.html\" rel=\"nofollow noopener\" target=\"_blank\">rachet\u00e9 par ses salari\u00e9s<\/a> l&rsquo;an dernier, et le carnet de commandes se remplit peu \u00e0 peu. Deux tiers des salari\u00e9s ont investi entre 500 et 2 000 euros pour sauver l&rsquo;entreprise. Comme Suliman El Moussaoui, qui contr\u00f4le la qualit\u00e9 des verres et ne regrette pas son choix.<\/p>\n<p>\u00ab\u00a0\u00c7a fait 18 ans que je suis chez Duralex, et forc\u00e9ment, on est attach\u00e9s \u00e0 cette marque-l\u00e0. Avec tout ce qu&rsquo;on a v\u00e9cu ici, les p\u00e9rip\u00e9ties, on demande que cette marque perdure et que, dans ce temps, on soit encore ici\u00a0\u00bb, confie celui qui est aussi d\u00e9l\u00e9gu\u00e9 syndical CFDT.<\/p>\n<p>La verrerie est d\u00e9sormais une SCOP, une soci\u00e9t\u00e9 d\u00e9tenue et contr\u00f4l\u00e9e par ses ouvriers. Mais l&rsquo;entreprise peine toujours \u00e0 attirer les investisseurs. St\u00e9phane Lefevre, 24 ans de maison, travaille sur la ligne de production et participe \u00e0 la soci\u00e9t\u00e9. Aujourd&rsquo;hui, il se demande si Duralex aura les moyens de se moderniser. Le d\u00e9fi n&rsquo;est pas encore gagn\u00e9. \u00ab\u00a0Il n&rsquo;y a rien qui change, pas de machine, pas de renouveau&#8230; S&rsquo;il n&rsquo;y a pas d&rsquo;investissement rapidement, j&rsquo;ai peur qu&rsquo;on n&rsquo;aille pas trop loin. Mais il faut que \u00e7a avance\u00a0\u00bb, s&rsquo;inqui\u00e8te le r\u00e9gleur et chef d&rsquo;\u00e9quipe.<\/p>\n<p>L&rsquo;entreprise compte 243 salari\u00e9s. Tous ont gard\u00e9 le m\u00eame niveau de r\u00e9mun\u00e9ration. Laure Cerandon est cheffe d&rsquo;\u00e9quipe au conditionnement, elle a investi 1 500 euros dans la soci\u00e9t\u00e9. Comme tous les autres salari\u00e9s, elle a un pouvoir de d\u00e9cision dans l&rsquo;entreprise. Et pour elle, \u00e7a change tout : \u00ab\u00a0Maintenant, le comit\u00e9 d&rsquo;administration se r\u00e9unit une fois par mois. Ils nous font un compte rendu, donc on conna\u00eet les chiffres, on conna\u00eet les nouveaux clients. On sait vraiment la vie de l&rsquo;entreprise, dans tous les services\u00a0\u00bb, explique-t-elle.<\/p>\n<p>En une ann\u00e9e, l&rsquo;entreprise a recrut\u00e9 17 personnes, des salari\u00e9s port\u00e9s par le soutien des consommateurs. \u00c0 quelques kilom\u00e8tres de l&rsquo;usine, des retrait\u00e9s ont toujours eu de la vaisselle Duralex et compt\u00e9 leur \u00e2ge au fond des verres. Quand ils ont appris la reprise de la soci\u00e9t\u00e9 par ses salari\u00e9s, ils ont rachet\u00e9 toutes leurs vaisselles.<\/p>\n<p>\u00ab\u00a0On les aide \u00e0 ne pas dispara\u00eetre en achetant, justement, par exemple, les tasses \u00e0 caf\u00e9, des choses comme \u00e7a. Ce sont des suppl\u00e9ments qu&rsquo;on prend avec grand plaisir pour essayer de les soutenir et les aider. Parce que je pense que pour eux, c&rsquo;est important\u00a0\u00bb, pointe Jean-Luc Bouchon Cassegrain.<\/p>\n<p>La soci\u00e9t\u00e9 n&rsquo;a augment\u00e9 les prix que de 2 % malgr\u00e9 la hausse du co\u00fbt de l&rsquo;\u00e9nergie. Un choix payant. En 2024, la verrerie a g\u00e9n\u00e9r\u00e9 26 millions d&rsquo;euros de chiffre d&rsquo;affaires. Cette ann\u00e9e, ce devrait \u00eatre 31 millions d&rsquo;euros. Pas assez pour d\u00e9gager des b\u00e9n\u00e9fices. Dans l&rsquo;usine, seulement deux lignes de production fonctionnent. La troisi\u00e8me n&rsquo;ouvrira pas avant 2026. Alors, pour redresser la barre, Duralex revisite ses produits phares \u00e9mis sur les ventes \u00e0 l&rsquo;\u00e9tranger, car le seul march\u00e9 fran\u00e7ais ne suffira pas \u00e0 sauver l&rsquo;entreprise.<\/p>\n<p>\u00ab\u00a0\u00c7a n&rsquo;a plus \u00e9t\u00e9 fait depuis 30 ans et on doit aller reprendre des parts de march\u00e9, reproposer aux gens cette qualit\u00e9 fran\u00e7aise, ce savoir-faire unique qui est fait ici en France et le redistribuer partout dans tous les pays\u00a0\u00bb, souligne Fran\u00e7ois Marciano, directeur g\u00e9n\u00e9ral de Duralex (SCOP).<\/p>\n<p>Duralex esp\u00e8re devenir rentable dans deux ans. Si l&rsquo;usine atteint ses objectifs, pr\u00e8s de 60 personnes devraient \u00eatre recrut\u00e9es d&rsquo;ici 2028.<\/p>\n","protected":false},"excerpt":{"rendered":"lire plus tard Pour sauvegarder cet article, connectez-vous ou cr\u00e9ez un compte franceinfo Sans paiement. Sans abonnement. Fermer&hellip;\n","protected":false},"author":2,"featured_media":332671,"comment_status":"","ping_status":"","sticky":false,"template":"","format":"standard","meta":{"footnotes":""},"categories":[1888],"tags":[1111,1928,11,1927,1777,674,1011,27,12,1926,626,1925,25],"class_list":{"0":"post-332670","1":"post","2":"type-post","3":"status-publish","4":"format-standard","5":"has-post-thumbnail","7":"category-paris","8":"tag-actu","9":"tag-actu-paris","10":"tag-actualites","11":"tag-actualites-paris","12":"tag-eu","13":"tag-europe","14":"tag-fr","15":"tag-france","16":"tag-news","17":"tag-news-paris","18":"tag-paris","19":"tag-paris-news","20":"tag-republique-francaise"},"share_on_mastodon":{"url":"https:\/\/pubeurope.com\/@fr\/115063746972293384","error":""},"_links":{"self":[{"href":"https:\/\/www.europesays.com\/fr\/wp-json\/wp\/v2\/posts\/332670","targetHints":{"allow":["GET"]}}],"collection":[{"href":"https:\/\/www.europesays.com\/fr\/wp-json\/wp\/v2\/posts"}],"about":[{"href":"https:\/\/www.europesays.com\/fr\/wp-json\/wp\/v2\/types\/post"}],"author":[{"embeddable":true,"href":"https:\/\/www.europesays.com\/fr\/wp-json\/wp\/v2\/users\/2"}],"replies":[{"embeddable":true,"href":"https:\/\/www.europesays.com\/fr\/wp-json\/wp\/v2\/comments?post=332670"}],"version-history":[{"count":0,"href":"https:\/\/www.europesays.com\/fr\/wp-json\/wp\/v2\/posts\/332670\/revisions"}],"wp:featuredmedia":[{"embeddable":true,"href":"https:\/\/www.europesays.com\/fr\/wp-json\/wp\/v2\/media\/332671"}],"wp:attachment":[{"href":"https:\/\/www.europesays.com\/fr\/wp-json\/wp\/v2\/media?parent=332670"}],"wp:term":[{"taxonomy":"category","embeddable":true,"href":"https:\/\/www.europesays.com\/fr\/wp-json\/wp\/v2\/categories?post=332670"},{"taxonomy":"post_tag","embeddable":true,"href":"https:\/\/www.europesays.com\/fr\/wp-json\/wp\/v2\/tags?post=332670"}],"curies":[{"name":"wp","href":"https:\/\/api.w.org\/{rel}","templated":true}]}}