{"id":332674,"date":"2025-08-20T23:44:16","date_gmt":"2025-08-20T23:44:16","guid":{"rendered":"https:\/\/www.europesays.com\/fr\/332674\/"},"modified":"2025-08-20T23:44:16","modified_gmt":"2025-08-20T23:44:16","slug":"hotel-de-sers-noblesse-oblige","status":"publish","type":"post","link":"https:\/\/www.europesays.com\/fr\/332674\/","title":{"rendered":"H\u00f4tel de Sers, noblesse oblige"},"content":{"rendered":"<p>V\u00e9ritable colonne vert\u00e9brale de l\u2019h\u00f4tel, la galerie de portraits \u2013 rappel \u00e0 la g\u00e9n\u00e9alogie de son premier propri\u00e9taire \u2013 traverse l\u2019h\u00f4tel jusqu\u2019au chaleureux S Bar et au restaurant constell\u00e9 d\u2019\u0153uvres d\u2019art, bord\u00e9 d\u2019un patio verdoyant. Habill\u00e9 d\u2019un mur v\u00e9g\u00e9tal et de vert \u00e0 profusion, coiff\u00e9 d\u2019une verri\u00e8re modulable, ce jardin confidentiel permet aux h\u00f4tes et aux Parisiens en qu\u00eate d\u2019une jolie adresse d\u2019y faire une pause \u00e0 toute heure et en toute saison. Dans tous les espaces \u00e0 vivre et \u00e0 partager, l\u2019atmosph\u00e8re est feutr\u00e9e par d\u2019immenses tapis de la designer G\u00e9raldine Prieur, \u00e0 l\u2019instar du salon Biblioth\u00e8que aux airs de cabinet de curiosit\u00e9s, pour un moment hors du temps dans les bras de velours des grandes berg\u00e8res. Tout est fait pour soustraire le visiteur du bouillonnement parisien, y compris un espace bien-\u00eatre dot\u00e9 d\u2019une cabine de soins, d\u2019un sauna et d\u2019une salle de sport.<\/p>\n","protected":false},"excerpt":{"rendered":"V\u00e9ritable colonne vert\u00e9brale de l\u2019h\u00f4tel, la galerie de portraits \u2013 rappel \u00e0 la g\u00e9n\u00e9alogie de son premier propri\u00e9taire&hellip;\n","protected":false},"author":2,"featured_media":332675,"comment_status":"","ping_status":"","sticky":false,"template":"","format":"standard","meta":{"footnotes":""},"categories":[1888],"tags":[11,1777,674,1011,27,22020,12,626,25],"class_list":{"0":"post-332674","1":"post","2":"type-post","3":"status-publish","4":"format-standard","5":"has-post-thumbnail","7":"category-paris","8":"tag-actualites","9":"tag-eu","10":"tag-europe","11":"tag-fr","12":"tag-france","13":"tag-hotels","14":"tag-news","15":"tag-paris","16":"tag-republique-francaise"},"share_on_mastodon":{"url":"https:\/\/pubeurope.com\/@fr\/115063755186528959","error":""},"_links":{"self":[{"href":"https:\/\/www.europesays.com\/fr\/wp-json\/wp\/v2\/posts\/332674","targetHints":{"allow":["GET"]}}],"collection":[{"href":"https:\/\/www.europesays.com\/fr\/wp-json\/wp\/v2\/posts"}],"about":[{"href":"https:\/\/www.europesays.com\/fr\/wp-json\/wp\/v2\/types\/post"}],"author":[{"embeddable":true,"href":"https:\/\/www.europesays.com\/fr\/wp-json\/wp\/v2\/users\/2"}],"replies":[{"embeddable":true,"href":"https:\/\/www.europesays.com\/fr\/wp-json\/wp\/v2\/comments?post=332674"}],"version-history":[{"count":0,"href":"https:\/\/www.europesays.com\/fr\/wp-json\/wp\/v2\/posts\/332674\/revisions"}],"wp:featuredmedia":[{"embeddable":true,"href":"https:\/\/www.europesays.com\/fr\/wp-json\/wp\/v2\/media\/332675"}],"wp:attachment":[{"href":"https:\/\/www.europesays.com\/fr\/wp-json\/wp\/v2\/media?parent=332674"}],"wp:term":[{"taxonomy":"category","embeddable":true,"href":"https:\/\/www.europesays.com\/fr\/wp-json\/wp\/v2\/categories?post=332674"},{"taxonomy":"post_tag","embeddable":true,"href":"https:\/\/www.europesays.com\/fr\/wp-json\/wp\/v2\/tags?post=332674"}],"curies":[{"name":"wp","href":"https:\/\/api.w.org\/{rel}","templated":true}]}}