{"id":332678,"date":"2025-08-20T23:46:12","date_gmt":"2025-08-20T23:46:12","guid":{"rendered":"https:\/\/www.europesays.com\/fr\/332678\/"},"modified":"2025-08-20T23:46:12","modified_gmt":"2025-08-20T23:46:12","slug":"emprisonne-laurent-vinatier-est-accuse-despionnage-et-risque-20-ans-de-prison","status":"publish","type":"post","link":"https:\/\/www.europesays.com\/fr\/332678\/","title":{"rendered":"Emprisonn\u00e9, Laurent Vinatier est accus\u00e9 d\u2019espionnage et risque 20 ans de prison"},"content":{"rendered":"<p><strong>MAN\u0152UVRE POLITIQUE &#8211; D\u00e9j\u00e0 condamn\u00e9 \u00e0 trois ans pour violation de la loi sur les \u00ab\u00a0agents \u00e9trangers\u00a0\u00bb, Laurent Vinatier est maintenant accus\u00e9 d\u2019espionnage. Paris exige sa lib\u00e9ration imm\u00e9diate<\/strong><\/p>\n<p>Le chercheur fran\u00e7ais <a href=\"https:\/\/www.20minutes.fr\/monde\/4155459-20250526-russie-nouvelles-famille-laurent-vinatier-condamne-trois-ans-prison-inquiete-sort?at_medium=RSS%20feed&amp;at_campaign=ynews&amp;utm_source=yahoo&amp;utm_medium=rss&amp;utm_campaign=news_feed&amp;utm_content=in_article_link\" rel=\"nofollow noopener\" target=\"_blank\" data-ylk=\"slk:Laurent Vinatier;elm:context_link;itc:0;sec:content-canvas\" class=\"link \">Laurent Vinatier<\/a>, emprisonn\u00e9 en <a href=\"https:\/\/www.20minutes.fr\/monde\/russie\/?at_medium=RSS%20feed&amp;at_campaign=ynews&amp;utm_source=yahoo&amp;utm_medium=rss&amp;utm_campaign=news_feed&amp;utm_content=in_article_link\" rel=\"nofollow noopener\" target=\"_blank\" data-ylk=\"slk:Russie;elm:context_link;itc:0;sec:content-canvas\" class=\"link \">Russie<\/a> depuis l\u2019an dernier, est d\u00e9sormais vis\u00e9 par une accusation d\u2019<a href=\"https:\/\/www.20minutes.fr\/dossier\/espionnage?at_medium=RSS%20feed&amp;at_campaign=ynews&amp;utm_source=yahoo&amp;utm_medium=rss&amp;utm_campaign=news_feed&amp;utm_content=in_article_link\" rel=\"nofollow noopener\" target=\"_blank\" data-ylk=\"slk:espionnage;elm:context_link;itc:0;sec:content-canvas\" class=\"link \">espionnage<\/a>, une \u00e9volution qui pourrait prolonger son incarc\u00e9ration bien au-del\u00e0 de sa peine initiale.<\/p>\n<p>Selon un document judiciaire consult\u00e9 par l\u2019AFP, une nouvelle <a href=\"https:\/\/www.20minutes.fr\/dossier\/audience?at_medium=RSS%20feed&amp;at_campaign=ynews&amp;utm_source=yahoo&amp;utm_medium=rss&amp;utm_campaign=news_feed&amp;utm_content=in_article_link\" rel=\"nofollow noopener\" target=\"_blank\" data-ylk=\"slk:audience;elm:context_link;itc:0;sec:content-canvas\" class=\"link \">audience<\/a> a \u00e9t\u00e9 fix\u00e9e au 25\u00a0ao\u00fbt 2025 \u00e0 14h30. Elle portera sur ce chef d\u2019accusation particuli\u00e8rement grave, passible de vingt ans de <a href=\"https:\/\/www.20minutes.fr\/dossier\/prison?at_medium=RSS%20feed&amp;at_campaign=ynews&amp;utm_source=yahoo&amp;utm_medium=rss&amp;utm_campaign=news_feed&amp;utm_content=in_article_link\" rel=\"nofollow noopener\" target=\"_blank\" data-ylk=\"slk:prison;elm:context_link;itc:0;sec:content-canvas\" class=\"link \">prison<\/a>. Jusqu\u2019ici, Laurent Vinatier purgeait une peine de trois ans pour avoir recueilli des informations sur l\u2019<a href=\"https:\/\/www.20minutes.fr\/monde\/armee\/?at_medium=RSS%20feed&amp;at_campaign=ynews&amp;utm_source=yahoo&amp;utm_medium=rss&amp;utm_campaign=news_feed&amp;utm_content=in_article_link\" rel=\"nofollow noopener\" target=\"_blank\" data-ylk=\"slk:arm\u00e9e russe;elm:context_link;itc:0;sec:content-canvas\" class=\"link \">arm\u00e9e russe<\/a> sans s\u2019\u00eatre d\u00e9clar\u00e9 comme \u00ab\u00a0agent \u00e9tranger\u00a0\u00bb, conform\u00e9ment \u00e0 la l\u00e9gislation en vigueur.<\/p>\n<p>Paris d\u00e9nonce une man\u0153uvre politique<\/p>\n<p>Chercheur exp\u00e9riment\u00e9 sur la Russie et les pays post-sovi\u00e9tiques, il travaillait comme conseiller au Centre pour le dialogue humanitaire, une <a href=\"https:\/\/www.20minutes.fr\/dossier\/ong?at_medium=RSS%20feed&amp;at_campaign=ynews&amp;utm_source=yahoo&amp;utm_medium=rss&amp;utm_campaign=news_feed&amp;utm_content=in_article_link\" rel=\"nofollow noopener\" target=\"_blank\" data-ylk=\"slk:ONG;elm:context_link;itc:0;sec:content-canvas\" class=\"link \">ONG<\/a> suisse sp\u00e9cialis\u00e9e dans la m\u00e9diation des conflits. Son arrestation l\u2019a plac\u00e9 parmi les ressortissants occidentaux retenus en Russie dans un contexte de vives tensions diplomatiques li\u00e9es \u00e0 la <a href=\"https:\/\/www.20minutes.fr\/monde\/ukraine\/?at_medium=RSS%20feed&amp;at_campaign=ynews&amp;utm_source=yahoo&amp;utm_medium=rss&amp;utm_campaign=news_feed&amp;utm_content=in_article_link\" rel=\"nofollow noopener\" target=\"_blank\" data-ylk=\"slk:guerre en Ukraine;elm:context_link;itc:0;sec:content-canvas\" class=\"link \">guerre en Ukraine<\/a>. Paris d\u00e9nonce une man\u0153uvre politique et accuse Moscou d\u2019utiliser ces d\u00e9tentions comme levier de pression, exigeant sa lib\u00e9ration imm\u00e9diate.<\/p>\n<p><a href=\"https:\/\/www.20minutes.fr\/monde\/russie\/\" rel=\"nofollow noopener\" target=\"_blank\" data-ylk=\"slk:Tous nos article sur la Russie;elm:context_link;itc:0;sec:content-canvas\" class=\"link \">Tous nos article sur la Russie<\/a><\/p>\n<p>Lors de son proc\u00e8s, Laurent Vinatier avait d\u00e9fendu son travail en assurant qu\u2019il s\u2019\u00e9tait toujours efforc\u00e9 de \u00ab\u00a0pr\u00e9senter les int\u00e9r\u00eats de la Russie dans les relations internationales\u00a0\u00bb. Mais malgr\u00e9 cette ligne de d\u00e9fense, le durcissement de son dossier judiciaire semble confirmer que le Kremlin entend faire de son cas un signal po(&#8230;)<\/p>\n<p><a href=\"https:\/\/www.20minutes.fr\/monde\/4168794-20250821-russie-emprisonne-laurent-vinatier-accuse-espionnage-risque-20-ans-prison?at_medium=RSS%20feed&amp;at_campaign=ynews&amp;utm_source=yahoo&amp;utm_medium=rss&amp;utm_campaign=news_feed&amp;utm_content=read_more_link&quot;\" rel=\"nofollow noopener\" target=\"_blank\" data-ylk=\"slk:Lire la suite sur 20minutes;elm:context_link;itc:0;sec:content-canvas\" class=\"link \">Lire la suite sur 20minutes<\/a><\/p>\n<p>\u00c0 lire aussi :<br \/><a href=\"https:\/\/www.20minutes.fr\/monde\/russie\/4116950-20241022-russie-condamne-trois-ans-prison-francais-laurent-vinatier-fait-appel?at_medium=RSS%20feed&amp;at_campaign=ynews&amp;utm_source=yahoo&amp;utm_medium=rss&amp;utm_campaign=news_feed&amp;utm_content=related_content_link\" rel=\"nofollow noopener\" target=\"_blank\" data-ylk=\"slk:Russie\u00a0: Condamn\u00e9 \u00e0 trois ans de prison, le Fran\u00e7ais Laurent Vinatier fait appel;elm:context_link;itc:0;sec:content-canvas\" class=\"link \">Russie\u00a0: Condamn\u00e9 \u00e0 trois ans de prison, le Fran\u00e7ais Laurent Vinatier fait appel<\/a><br \/><a href=\"https:\/\/www.20minutes.fr\/monde\/4155459-20250526-russie-nouvelles-famille-laurent-vinatier-condamne-trois-ans-prison-inquiete-sort?at_medium=RSS%20feed&amp;at_campaign=ynews&amp;utm_source=yahoo&amp;utm_medium=rss&amp;utm_campaign=news_feed&amp;utm_content=related_content_link\" rel=\"nofollow noopener\" target=\"_blank\" data-ylk=\"slk:Russie\u00a0: Sans nouvelles, la famille de Laurent Vinatier, condamn\u00e9 \u00e0 trois ans de prison, inqui\u00e8te de son sort;elm:context_link;itc:0;sec:content-canvas\" class=\"link \">Russie\u00a0: Sans nouvelles, la famille de Laurent Vinatier, condamn\u00e9 \u00e0 trois ans de prison, inqui\u00e8te de son sort<\/a><\/p>\n","protected":false},"excerpt":{"rendered":"MAN\u0152UVRE POLITIQUE &#8211; D\u00e9j\u00e0 condamn\u00e9 \u00e0 trois ans pour violation de la loi sur les \u00ab\u00a0agents \u00e9trangers\u00a0\u00bb, Laurent&hellip;\n","protected":false},"author":2,"featured_media":332679,"comment_status":"","ping_status":"","sticky":false,"template":"","format":"standard","meta":{"footnotes":""},"categories":[1591],"tags":[11,1764,1887,46980,12,806,1885,1886,132,46981],"class_list":{"0":"post-332678","1":"post","2":"type-post","3":"status-publish","4":"format-standard","5":"has-post-thumbnail","7":"category-russie","8":"tag-actualites","9":"tag-ans","10":"tag-federation-de-russie","11":"tag-laurent-vinatier","12":"tag-news","13":"tag-prison","14":"tag-russia","15":"tag-russian-federation","16":"tag-russie","17":"tag-violation-de-la-loi"},"share_on_mastodon":{"url":"https:\/\/pubeurope.com\/@fr\/115063762706372716","error":""},"_links":{"self":[{"href":"https:\/\/www.europesays.com\/fr\/wp-json\/wp\/v2\/posts\/332678","targetHints":{"allow":["GET"]}}],"collection":[{"href":"https:\/\/www.europesays.com\/fr\/wp-json\/wp\/v2\/posts"}],"about":[{"href":"https:\/\/www.europesays.com\/fr\/wp-json\/wp\/v2\/types\/post"}],"author":[{"embeddable":true,"href":"https:\/\/www.europesays.com\/fr\/wp-json\/wp\/v2\/users\/2"}],"replies":[{"embeddable":true,"href":"https:\/\/www.europesays.com\/fr\/wp-json\/wp\/v2\/comments?post=332678"}],"version-history":[{"count":0,"href":"https:\/\/www.europesays.com\/fr\/wp-json\/wp\/v2\/posts\/332678\/revisions"}],"wp:featuredmedia":[{"embeddable":true,"href":"https:\/\/www.europesays.com\/fr\/wp-json\/wp\/v2\/media\/332679"}],"wp:attachment":[{"href":"https:\/\/www.europesays.com\/fr\/wp-json\/wp\/v2\/media?parent=332678"}],"wp:term":[{"taxonomy":"category","embeddable":true,"href":"https:\/\/www.europesays.com\/fr\/wp-json\/wp\/v2\/categories?post=332678"},{"taxonomy":"post_tag","embeddable":true,"href":"https:\/\/www.europesays.com\/fr\/wp-json\/wp\/v2\/tags?post=332678"}],"curies":[{"name":"wp","href":"https:\/\/api.w.org\/{rel}","templated":true}]}}