{"id":332680,"date":"2025-08-20T23:47:11","date_gmt":"2025-08-20T23:47:11","guid":{"rendered":"https:\/\/www.europesays.com\/fr\/332680\/"},"modified":"2025-08-20T23:47:11","modified_gmt":"2025-08-20T23:47:11","slug":"quand-donald-trump-veut-gagner-son-paradis","status":"publish","type":"post","link":"https:\/\/www.europesays.com\/fr\/332680\/","title":{"rendered":"quand Donald Trump veut gagner son \u00ab\u00a0paradis\u00a0\u00bb"},"content":{"rendered":"<p>\u00ab\u00a0J\u2019entends dire que je ne suis pas bien plac\u00e9, que je suis vraiment au bas de l\u2019\u00e9chelle\u00a0! Mais si j\u2019arrive \u00e0 aller au paradis, ce sera l\u2019une des raisons\u00a0\u00bb. Lors de l\u2019\u00e9mission \u00ab\u00a0Fox&amp;Friends\u00a0\u00bb, diffus\u00e9e sur Fox News, mardi 19\u00a0ao\u00fbt, Donald Trump a donn\u00e9 une explication inattendue pour justifier ses efforts pour obtenir un accord de paix en Ukraine.<\/p>\n<p>Cet article est r\u00e9serv\u00e9 aux abonn\u00e9s<\/p>\n<p>\n                    Vous souhaitez lire la suite\u00a0? Abonnez-vous sans engagement \u00e0 notre offre num\u00e9rique\n                <\/p>\n<p>                <a href=\"https:\/\/www.la-croix.com\/abonnement\" class=\"default-paywall__subscribe-button\" data-tracking=\"cta_click\" data-tracking-action=\"voir la page abonnement\" data-tracking-category=\"abonnement\" rel=\"nofollow noopener\" target=\"_blank\">Je m&rsquo;abonne<\/a><\/p>\n","protected":false},"excerpt":{"rendered":"\u00ab\u00a0J\u2019entends dire que je ne suis pas bien plac\u00e9, que je suis vraiment au bas de l\u2019\u00e9chelle\u00a0! Mais&hellip;\n","protected":false},"author":2,"featured_media":332681,"comment_status":"","ping_status":"","sticky":false,"template":"","format":"standard","meta":{"footnotes":""},"categories":[1590],"tags":[11,1777,674,12,220],"class_list":{"0":"post-332680","1":"post","2":"type-post","3":"status-publish","4":"format-standard","5":"has-post-thumbnail","7":"category-ukraine","8":"tag-actualites","9":"tag-eu","10":"tag-europe","11":"tag-news","12":"tag-ukraine"},"share_on_mastodon":{"url":"https:\/\/pubeurope.com\/@fr\/115063766679912568","error":""},"_links":{"self":[{"href":"https:\/\/www.europesays.com\/fr\/wp-json\/wp\/v2\/posts\/332680","targetHints":{"allow":["GET"]}}],"collection":[{"href":"https:\/\/www.europesays.com\/fr\/wp-json\/wp\/v2\/posts"}],"about":[{"href":"https:\/\/www.europesays.com\/fr\/wp-json\/wp\/v2\/types\/post"}],"author":[{"embeddable":true,"href":"https:\/\/www.europesays.com\/fr\/wp-json\/wp\/v2\/users\/2"}],"replies":[{"embeddable":true,"href":"https:\/\/www.europesays.com\/fr\/wp-json\/wp\/v2\/comments?post=332680"}],"version-history":[{"count":0,"href":"https:\/\/www.europesays.com\/fr\/wp-json\/wp\/v2\/posts\/332680\/revisions"}],"wp:featuredmedia":[{"embeddable":true,"href":"https:\/\/www.europesays.com\/fr\/wp-json\/wp\/v2\/media\/332681"}],"wp:attachment":[{"href":"https:\/\/www.europesays.com\/fr\/wp-json\/wp\/v2\/media?parent=332680"}],"wp:term":[{"taxonomy":"category","embeddable":true,"href":"https:\/\/www.europesays.com\/fr\/wp-json\/wp\/v2\/categories?post=332680"},{"taxonomy":"post_tag","embeddable":true,"href":"https:\/\/www.europesays.com\/fr\/wp-json\/wp\/v2\/tags?post=332680"}],"curies":[{"name":"wp","href":"https:\/\/api.w.org\/{rel}","templated":true}]}}