{"id":332682,"date":"2025-08-20T23:48:18","date_gmt":"2025-08-20T23:48:18","guid":{"rendered":"https:\/\/www.europesays.com\/fr\/332682\/"},"modified":"2025-08-20T23:48:18","modified_gmt":"2025-08-20T23:48:18","slug":"armes-pour-lukraine-les-etats-unis-vont-realiser-une-marge-de-10-sur-leurs-ventes-aux-europeens","status":"publish","type":"post","link":"https:\/\/www.europesays.com\/fr\/332682\/","title":{"rendered":"Armes pour l&rsquo;Ukraine : les \u00c9tats-Unis vont r\u00e9aliser une marge de 10% sur leurs ventes aux Europ\u00e9ens"},"content":{"rendered":"<ul class=\"jsx-862013697 ArticleChapo__List\">\n<li class=\"jsx-862013697 ArticleChapo__List_Item flex\">La r\u00e9union sur l&rsquo;Ukraine \u00e0 la Maison Blanche a ent\u00e9rin\u00e9 l&rsquo;achat d&rsquo;armes am\u00e9ricaines par les Europ\u00e9ens, \u00e0 hauteur de 100 milliards de dollars, pour les transf\u00e9rer ensuite \u00e0 Kiev.<\/li>\n<li class=\"jsx-862013697 ArticleChapo__List_Item flex\">On apprend ce mercredi que les Am\u00e9ricains vont appliquer une marge de 10%.<\/li>\n<li class=\"jsx-862013697 ArticleChapo__List_Item flex\">Pour le secr\u00e9taire au Tr\u00e9sor Scott Bessent, il s&rsquo;agit l\u00e0 de sommes qui pourraient compenser \u00e0 l&rsquo;avenir la protection de l&rsquo;espace a\u00e9rien de l&rsquo;Ukraine.<\/li>\n<\/ul>\n<p><a href=\"https:\/\/www.tf1info.fr\/actualite\/guerre-ukraine-russie-une-rencontre-donald-trump-vladimir-poutine-historique-le-vendredi-15-aout-2025-en-alaska-sans-volodymyr-zelensky-14326\/\" rel=\"noopener\" class=\"jsx-484472199 Link jsx-1428418400 jsx-554215408\" target=\"_blank\"><\/p>\n<p style=\"font-weight:400\" class=\"jsx-1837267516\">Suivez la couverture compl\u00e8te<\/p>\n<p style=\"font-weight:800\" class=\"jsx-1837267516\">Guerre en Ukraine : tractations pour une rencontre Poutine-Zelensky <\/p>\n<p><\/a><\/p>\n<p data-module=\"article-paragraph\" class=\"jsx-3046738180 Paragraph\">Depuis son retour au pouvoir, Donald Trump a tr\u00e8s largement fait \u00e9voluer l&rsquo;attitude des \u00c9tats-Unis envers l&rsquo;Ukraine. L&rsquo;\u00e9poque du soutien massif, incarn\u00e9e par Joe Biden, est aujourd&rsquo;hui r\u00e9volue. Si Washington reste aux c\u00f4t\u00e9s de Kiev et ouvre la voie \u00e0 une couverture de l&rsquo;espace a\u00e9rien du pays<a href=\"https:\/\/www.tf1info.fr\/actualite\/guerre-ukraine-russie-une-rencontre-donald-trump-vladimir-poutine-historique-le-vendredi-15-aout-2025-en-alaska-sans-volodymyr-zelensky-14326\/\" target=\"_blank\" rel=\"noopener\"> \u00e0 l&rsquo;issue d&rsquo;un potentiel accord de paix<\/a>, il est hors de question pour le pr\u00e9sident Trump que les contribuables am\u00e9ricains assument ces aides.<\/p>\n<p data-module=\"article-paragraph\" class=\"jsx-3046738180 Paragraph Paragraph__End\">Lors d&rsquo;une interview donn\u00e9e \u00e0 Fox News, le secr\u00e9taire au Tr\u00e9sor Scott Bessent a \u00e9voqu\u00e9 cette question et fait r\u00e9f\u00e9rence aux armes que vont vendre les \u00c9tats-Unis \u00e0 l&rsquo;Europe, avant de transiter vers l&rsquo;Ukraine. Du mat\u00e9riel militaire sur lequel les autorit\u00e9s am\u00e9ricains vont appliquer 10% de marge, a-t-il expliqu\u00e9.<\/p>\n<p>Une mani\u00e8re de financer la protection de l&rsquo;espace a\u00e9rien <\/p>\n<p data-module=\"article-paragraph\" class=\"jsx-3046738180 Paragraph\">Lors de cet entretien t\u00e9l\u00e9vis\u00e9, Scott Bessent a \u00e9t\u00e9 interrog\u00e9 sur le soutien apport\u00e9 par Washington \u00e0 l&rsquo;Ukraine depuis le d\u00e9but du conflit et au co\u00fbt induit pour la population am\u00e9ricaine. L&rsquo;int\u00e9ress\u00e9 \u00e0 tenu \u00e0 pr\u00e9ciser que l&rsquo;\u00e9poque des d\u00e9penses majeures \u00e9tait r\u00e9volue. Une situation qui ne devrait pas \u00e9voluer, malgr\u00e9 l&rsquo;engagement des Am\u00e9ricains \u00e0 assurer une <a href=\"https:\/\/www.tf1info.fr\/international\/securite-de-l-ukraine-trump-assure-qu-il-n-enverra-pas-de-troupes-au-sol-mais-que-les-europeens-sont-prets-a-le-faire-2389598.html\" target=\"_blank\" rel=\"noopener\">protection<\/a> de l&rsquo;espace a\u00e9rien ukrainien \u00e0 l&rsquo;issue de la guerre.<\/p>\n<p data-module=\"article-paragraph\" class=\"jsx-3046738180 Paragraph Paragraph__End\">Pour \u00e9viter que le co\u00fbt d&rsquo;une telle aide militaire ne soit r\u00e9percut\u00e9e sur les m\u00e9nages, le secr\u00e9taire au Tr\u00e9sor a mis en avant une solution assez simple : une forme de taxe dont les Europ\u00e9ens devront en pratique s&rsquo;acquitter. Lors de la r\u00e9union qui s&rsquo;est tenue en d\u00e9but de semaine \u00e0 la Maison Blanche,<a href=\"https:\/\/www.tf1info.fr\/actualite\/guerre-ukraine-russie-une-rencontre-donald-trump-vladimir-poutine-historique-le-vendredi-15-aout-2025-en-alaska-sans-volodymyr-zelensky-14326\/\" target=\"_blank\" rel=\"noopener\"> les chefs d&rsquo;\u00c9tat du Vieux Continent se sont mis d&rsquo;accord avec Donald Trump.<\/a> Ils ont <a href=\"https:\/\/www.tf1info.fr\/international\/ukraine-vers-une-rencontre-bilaterale-entre-zelensky-et-poutine-ce-que-veut-trump-apres-le-sommet-a-washington-2389446.html\" target=\"_blank\" rel=\"noopener\">accept\u00e9<\/a> l&rsquo;achat de 100 milliards de dollars d&rsquo;armes aux Am\u00e9ricains, qui seront ensuite fournies \u00e0 l&rsquo;arm\u00e9e ukrainienne pour l&rsquo;aider \u00e0 se d\u00e9fendre. C&rsquo;est pr\u00e9cis\u00e9ment sur ces ventes que les \u00c9tats-Unis comptent faire des b\u00e9n\u00e9fices, via une marge de 10%.<\/p>\n<p><a href=\"https:\/\/www.tf1info.fr\/international\/ukraine-russie-je-veux-aller-au-paradis-l-autre-raison-qui-pousse-donald-trump-a-trouver-un-accord-de-paix-2389654.html\" rel=\"noopener\" class=\"jsx-3308031228 Link flex\" target=\"_blank\"><img decoding=\"async\" src=\"https:\/\/www.europesays.com\/fr\/wp-content\/uploads\/2025\/08\/donald-trump-aout-2025-fb4c44-0@1x.jpeg\" alt=\"ANDREW CABALLERO-REYNOLDS \/ AFP\" loading=\"lazy\" importance=\"low\" fetchpriority=\"low\" class=\"\" aria-hidden=\"true\"\/><\/p>\n<p class=\"jsx-3657663356 ReadMoreArticle__Title\">Lire aussi<\/p>\n<p class=\"jsx-3657663356\">\u00ab\u00a0Je veux aller au Paradis\u00a0\u00bb : l&rsquo;autre raison qui pousse Donald Trump \u00e0 trouver un accord de paix en Ukraine<\/p>\n<p><\/a><\/p>\n<p data-module=\"article-paragraph\" class=\"jsx-3046738180 Paragraph\">\u00ab\u00a0Le pr\u00e9sident Trump est tr\u00e8s vigilant en ce moment\u00a0\u00bb, a <a href=\"https:\/\/youtu.be\/QHjbNOTqguA?si=WV70Vj4iTggTztp-\" target=\"_blank\" rel=\"nofollow noopener\">lanc\u00e9 Scott Bessent (nouvelle fen\u00eatre)<\/a> sur Fox News. \u00ab\u00a0Nous vendons des armes aux Europ\u00e9ens, qui les revendent ensuite aux Ukrainiens. Et le pr\u00e9sident Trump pr\u00e9l\u00e8ve une marge de 10% sur les armes. Ces 10% couvriront peut-\u00eatre le co\u00fbt de la couverture a\u00e9rienne\u00a0\u00bb a-t-il poursuivi. Ce stratag\u00e8me permet ainsi de faire en sorte que ce soient aux Europ\u00e9ens de financer \u2013 de mani\u00e8re indirecte \u2013 un \u00e9ventuel engagement militaire des Am\u00e9ricains.<\/p>\n<p data-module=\"article-paragraph\" class=\"jsx-3046738180 Paragraph Paragraph__End\">Ancien ambassadeur de France aux \u00c9tats-Unis, G\u00e9rard Araud a r\u00e9agi \u00e0 ces propos sur LCI ce mercredi. Il a \u00e9voqu\u00e9 un proc\u00e9d\u00e9 assez \u00ab\u00a0scandaleux\u00a0\u00bb avant de proposer une comparaison assez parlante. \u00ab\u00a0La relation entre les \u00c9tats-Unis et l&rsquo;Europe\u00a0\u00bb, r\u00e9sume l&rsquo;ex-diplomate, \u00ab\u00a0c&rsquo;est celle d&rsquo;une compagnie d&rsquo;assurance qui nous fournit une garantie de s\u00e9curit\u00e9\u00a0\u00bb. Or, \u00ab\u00a0qui dit assurance dit aussi prime d&rsquo;assurance\u00a0\u00bb, glisse-t-il. \u00ab\u00a0Eh bien la prime d&rsquo;assurance avec Donald Trump a augment\u00e9 de mani\u00e8re pharamineuse.\u00a0\u00bb<\/p>\n<p>TD<\/p>\n","protected":false},"excerpt":{"rendered":"La r\u00e9union sur l&rsquo;Ukraine \u00e0 la Maison Blanche a ent\u00e9rin\u00e9 l&rsquo;achat d&rsquo;armes am\u00e9ricaines par les Europ\u00e9ens, \u00e0 hauteur&hellip;\n","protected":false},"author":2,"featured_media":332683,"comment_status":"","ping_status":"","sticky":false,"template":"","format":"standard","meta":{"footnotes":""},"categories":[1589],"tags":[1111,11,1921,5925,73,1866,46982,1922,12,220,1864,1865,1863,308,133,1920],"class_list":{"0":"post-332682","1":"post","2":"type-post","3":"status-publish","4":"format-standard","5":"has-post-thumbnail","7":"category-etats-unis","8":"tag-actu","9":"tag-actualites","10":"tag-article-video","11":"tag-conflits-et-guerre","12":"tag-etats-unis","13":"tag-etats-unis-damerique","14":"tag-guerre-en-ukraine-tractations-pour-une-rencontre-poutine-zelensky","15":"tag-info","16":"tag-news","17":"tag-ukraine","18":"tag-united-states","19":"tag-united-states-of-america","20":"tag-us","21":"tag-usa","22":"tag-video","23":"tag-video-international"},"share_on_mastodon":{"url":"https:\/\/pubeurope.com\/@fr\/115063770905303227","error":""},"_links":{"self":[{"href":"https:\/\/www.europesays.com\/fr\/wp-json\/wp\/v2\/posts\/332682","targetHints":{"allow":["GET"]}}],"collection":[{"href":"https:\/\/www.europesays.com\/fr\/wp-json\/wp\/v2\/posts"}],"about":[{"href":"https:\/\/www.europesays.com\/fr\/wp-json\/wp\/v2\/types\/post"}],"author":[{"embeddable":true,"href":"https:\/\/www.europesays.com\/fr\/wp-json\/wp\/v2\/users\/2"}],"replies":[{"embeddable":true,"href":"https:\/\/www.europesays.com\/fr\/wp-json\/wp\/v2\/comments?post=332682"}],"version-history":[{"count":0,"href":"https:\/\/www.europesays.com\/fr\/wp-json\/wp\/v2\/posts\/332682\/revisions"}],"wp:featuredmedia":[{"embeddable":true,"href":"https:\/\/www.europesays.com\/fr\/wp-json\/wp\/v2\/media\/332683"}],"wp:attachment":[{"href":"https:\/\/www.europesays.com\/fr\/wp-json\/wp\/v2\/media?parent=332682"}],"wp:term":[{"taxonomy":"category","embeddable":true,"href":"https:\/\/www.europesays.com\/fr\/wp-json\/wp\/v2\/categories?post=332682"},{"taxonomy":"post_tag","embeddable":true,"href":"https:\/\/www.europesays.com\/fr\/wp-json\/wp\/v2\/tags?post=332682"}],"curies":[{"name":"wp","href":"https:\/\/api.w.org\/{rel}","templated":true}]}}