{"id":332684,"date":"2025-08-20T23:49:11","date_gmt":"2025-08-20T23:49:11","guid":{"rendered":"https:\/\/www.europesays.com\/fr\/332684\/"},"modified":"2025-08-20T23:49:11","modified_gmt":"2025-08-20T23:49:11","slug":"le-royaume-uni-renonce-a-surveiller-les-donnees-chiffrees-sur-icloud-une-victoire-pour-la-vie-privee-et-pour-trump","status":"publish","type":"post","link":"https:\/\/www.europesays.com\/fr\/332684\/","title":{"rendered":"Le Royaume-Uni renonce \u00e0 surveiller les donn\u00e9es chiffr\u00e9es sur iCloud, une victoire pour la vie priv\u00e9e\u2026 et pour Trump"},"content":{"rendered":"<p>Londres a finalement jet\u00e9 l&rsquo;\u00e9ponge : apr\u00e8s plusieurs mois de controverses, le gouvernement britannique renonce \u00e0 exiger d&rsquo;Apple qu&rsquo;il lui donne acc\u00e8s aux donn\u00e9es stock\u00e9es de mani\u00e8re chiffr\u00e9es sur iCloud depuis les iPhone. S&rsquo;appuyant sur une loi pass\u00e9e en 2016, l&rsquo;UK Investigatory Powers Act, surnomm\u00e9e la \u00ab snooper&rsquo;s charter \u00bb (la charte des fouineurs) par ses d\u00e9tracteurs, cette demande, <a href=\"https:\/\/www.latribune.fr\/technos-medias\/internet\/londres-veut-espionner-les-iphone-doit-on-choisir-entre-securite-et-vie-privee-1018373.html\" target=\"_blank\" rel=\"noopener\">lanc\u00e9e en f\u00e9vrier<\/a>, s&rsquo;\u00e9tait heurt\u00e9 \u00e0 un net refus de l&rsquo;entreprise \u00e0 la pomme. Celle-ci a, en effet, depuis quelques ann\u00e9es, fait de la protection de la vie priv\u00e9e de ses utilisateurs l&rsquo;un de ses gros arguments marketing, <a href=\"https:\/\/en.wikipedia.org\/wiki\/Apple%E2%80%93FBI_encryption_dispute\" target=\"_blank\" rel=\"noopener\">ce qui l&rsquo;a \u00e9galement conduite \u00e0 se frotter au FBI<\/a>. Elle avait en outre \u00e9t\u00e9 vertement critiqu\u00e9e par plusieurs associations de d\u00e9fense des droits individuels, dont l&rsquo;Electronic Frontier Foundation, Liberty et Amnesty International.<\/p>\n","protected":false},"excerpt":{"rendered":"Londres a finalement jet\u00e9 l&rsquo;\u00e9ponge : apr\u00e8s plusieurs mois de controverses, le gouvernement britannique renonce \u00e0 exiger d&rsquo;Apple&hellip;\n","protected":false},"author":2,"featured_media":332685,"comment_status":"","ping_status":"","sticky":false,"template":"","format":"standard","meta":{"footnotes":""},"categories":[1588],"tags":[17,11,46983,12076,1777,674,151,12,27701,473,1853,3356,46006,1807,1851,1850,1852],"class_list":{"0":"post-332684","1":"post","2":"type-post","3":"status-publish","4":"format-standard","5":"has-post-thumbnail","7":"category-royaume-uni","8":"tag-17","9":"tag-actualites","10":"tag-chiffrees","11":"tag-donnees","12":"tag-eu","13":"tag-europe","14":"tag-les","15":"tag-news","16":"tag-renonce","17":"tag-royaume-uni","18":"tag-royaume-uni-de-grande-bretagne-et-dirlande-du-nord","19":"tag-sur","20":"tag-surveiller","21":"tag-technos-medias","22":"tag-uk","23":"tag-united-kingdom","24":"tag-united-kingdom-of-great-britain-and-northern-ireland"},"share_on_mastodon":{"url":"https:\/\/pubeurope.com\/@fr\/115063774662032961","error":""},"_links":{"self":[{"href":"https:\/\/www.europesays.com\/fr\/wp-json\/wp\/v2\/posts\/332684","targetHints":{"allow":["GET"]}}],"collection":[{"href":"https:\/\/www.europesays.com\/fr\/wp-json\/wp\/v2\/posts"}],"about":[{"href":"https:\/\/www.europesays.com\/fr\/wp-json\/wp\/v2\/types\/post"}],"author":[{"embeddable":true,"href":"https:\/\/www.europesays.com\/fr\/wp-json\/wp\/v2\/users\/2"}],"replies":[{"embeddable":true,"href":"https:\/\/www.europesays.com\/fr\/wp-json\/wp\/v2\/comments?post=332684"}],"version-history":[{"count":0,"href":"https:\/\/www.europesays.com\/fr\/wp-json\/wp\/v2\/posts\/332684\/revisions"}],"wp:featuredmedia":[{"embeddable":true,"href":"https:\/\/www.europesays.com\/fr\/wp-json\/wp\/v2\/media\/332685"}],"wp:attachment":[{"href":"https:\/\/www.europesays.com\/fr\/wp-json\/wp\/v2\/media?parent=332684"}],"wp:term":[{"taxonomy":"category","embeddable":true,"href":"https:\/\/www.europesays.com\/fr\/wp-json\/wp\/v2\/categories?post=332684"},{"taxonomy":"post_tag","embeddable":true,"href":"https:\/\/www.europesays.com\/fr\/wp-json\/wp\/v2\/tags?post=332684"}],"curies":[{"name":"wp","href":"https:\/\/api.w.org\/{rel}","templated":true}]}}