{"id":332688,"date":"2025-08-20T23:51:14","date_gmt":"2025-08-20T23:51:14","guid":{"rendered":"https:\/\/www.europesays.com\/fr\/332688\/"},"modified":"2025-08-20T23:51:14","modified_gmt":"2025-08-20T23:51:14","slug":"le-nombre-de-cas-de-maladies-transmises-par-les-moustiques-atteint-un-record-2","status":"publish","type":"post","link":"https:\/\/www.europesays.com\/fr\/332688\/","title":{"rendered":"Le nombre de cas de maladies transmises par les moustiques atteint un record"},"content":{"rendered":"<p>Il va falloir s\u2019habituer \u00e0 un important nombre de cas de maladies transmises par des moustiques en <a href=\"https:\/\/www.20minutes.fr\/dossier\/europe\" class=\"c-link c-link--is-underlined\" target=\"_blank\" rel=\"noopener\">Europe<\/a>, comme le <a href=\"https:\/\/www.20minutes.fr\/dossier\/chikungunya\" class=\"c-link c-link--is-underlined\" target=\"_blank\" rel=\"noopener\">chikungunya<\/a> et le virus du Nil occidental. C\u2019est une \u00ab\u00a0nouvelle normalit\u00e9\u00a0\u00bb cr\u00e9\u00e9e par le changement climatique, a annonc\u00e9 mercredi l\u2019agence de sant\u00e9 de l\u2019Union europ\u00e9enne.<\/p>\n<p>Cet \u00e9t\u00e9, le nombre de cas \u00e9tablit un nouveau record. L\u2019Europe conna\u00eet des saisons de contamination par les <a href=\"https:\/\/www.20minutes.fr\/dossier\/moustique\" class=\"c-link c-link--is-underlined\" target=\"_blank\" rel=\"noopener\">moustiques<\/a> plus longues et plus intenses, a expliqu\u00e9 le Centre europ\u00e9en de pr\u00e9vention et de contr\u00f4le des maladies (ECDC) dans un communiqu\u00e9.<\/p>\n<p>\u00ab\u00a0Ce changement est caus\u00e9 par des facteurs climatiques et environnementaux comme la <a href=\"https:\/\/www.20minutes.fr\/dossier\/rechauffement-climatique\" class=\"c-link c-link--is-underlined\" target=\"_blank\" rel=\"noopener\">hausse des temp\u00e9ratures<\/a>, des \u00e9t\u00e9s plus longs, des hivers plus doux et des changements dans la pluviom\u00e9trie &#8211; des probl\u00e8mes qui se combinent pour cr\u00e9er un environnement favorable aux moustiques, o\u00f9 ils prosp\u00e8rent et transmettent des virus\u00a0\u00bb, selon l\u2019ECDC.<\/p>\n<p>27 cas de chikungunya en\u00a02025, un record<\/p>\n<p>La directrice de l\u2019agence, Pamela Rendi-Wagner, estime que l\u2019Europe entre dans une nouvelle phase o\u00f9 \u00ab\u00a0une transmission plus longue, plus r\u00e9pandue et plus intense de maladies v\u00e9hicul\u00e9es par les moustiques devient la nouvelle normalit\u00e9\u00a0\u00bb.<\/p>\n<p>Le moustique pouvant r\u00e9pandre le virus du chikungunya, Aedes albopictus, s\u2019est d\u00e9sormais \u00e9tabli dans 16 pays europ\u00e9ens et 369 r\u00e9gions, contre seulement 114 r\u00e9gions il y a une d\u00e9cennie, a indiqu\u00e9 l\u2019ECDC.<\/p>\n<p>L\u2019Europe a enregistr\u00e9 27 cas de chikungunya pour le moment en\u00a02025, un nouveau record pour le continent. Pour la premi\u00e8re fois, un cas transmis localement a \u00e9t\u00e9 signal\u00e9 en <a href=\"https:\/\/www.20minutes.fr\/dossier\/alsace\" class=\"c-link c-link--is-underlined\" target=\"_blank\" rel=\"noopener\">Alsace<\/a>, dans le nord-est de la France. Il s\u2019agit d\u2019un \u00ab\u00a0\u00e9v\u00e9nement exceptionnel \u00e0 cette latitude, qui met en \u00e9vidence l\u2019expansion continue vers le nord du risque de transmission\u00a0\u00bb, a soulign\u00e9 l\u2019agence.<\/p>\n<\/p>\n<p>Entre le 1er\u00a0janvier le 13\u00a0ao\u00fbt, huit pays europ\u00e9ens ont enregistr\u00e9 335 cas de transmission locale du virus du Nil occidental et 19 morts. L\u2019<a href=\"https:\/\/www.20minutes.fr\/dossier\/italie\" class=\"c-link c-link--is-underlined\" target=\"_blank\" rel=\"noopener\">Italie<\/a> est le pays le plus touch\u00e9, avec 274 contaminations.<\/p>\n<p>La pr\u00e9vention plus importante que jamais<\/p>\n<p>\u00ab\u00a0A mesure que le panorama des maladies transmises par les moustiques \u00e9voluera, davantage de gens seront menac\u00e9s \u00e0 l\u2019avenir en Europe\u00a0\u00bb, a r\u00e9sum\u00e9 C\u00e9line Gossner, cheffe de la section consacr\u00e9e aux maladies d\u2019origine alimentaire, hydrique, vectorielle et zoonotique de l\u2019ECDC.<\/p>\n<p>Elle a ajout\u00e9 que la pr\u00e9vention est plus importante que jamais, \u00e0 la fois par des initiatives publiques coordonn\u00e9es et des mesures de protection personnelle.<\/p>\n<p>L\u2019ECDC appelle la population des r\u00e9gions concern\u00e9es \u00e0 se prot\u00e9ger des piq\u00fbres de moustiques en utilisant du r\u00e9pulsif, en portant des manches longues et des pantalons et en installant des moustiquaires.<\/p>\n","protected":false},"excerpt":{"rendered":"Il va falloir s\u2019habituer \u00e0 un important nombre de cas de maladies transmises par des moustiques en Europe,&hellip;\n","protected":false},"author":2,"featured_media":332689,"comment_status":"","ping_status":"","sticky":false,"template":"","format":"standard","meta":{"footnotes":""},"categories":[1586],"tags":[47,11,6443,1777,674,1011,27,226,511,12,52,5140,25,71],"class_list":{"0":"post-332688","1":"post","2":"type-post","3":"status-publish","4":"format-standard","5":"has-post-thumbnail","7":"category-europe","8":"tag-actualite","9":"tag-actualites","10":"tag-chikungunya","11":"tag-eu","12":"tag-europe","13":"tag-fr","14":"tag-france","15":"tag-maladie","16":"tag-moustique","17":"tag-news","18":"tag-planete","19":"tag-rechauffement-climatique","20":"tag-republique-francaise","21":"tag-sante"},"share_on_mastodon":{"url":"https:\/\/pubeurope.com\/@fr\/115063782669140014","error":""},"_links":{"self":[{"href":"https:\/\/www.europesays.com\/fr\/wp-json\/wp\/v2\/posts\/332688","targetHints":{"allow":["GET"]}}],"collection":[{"href":"https:\/\/www.europesays.com\/fr\/wp-json\/wp\/v2\/posts"}],"about":[{"href":"https:\/\/www.europesays.com\/fr\/wp-json\/wp\/v2\/types\/post"}],"author":[{"embeddable":true,"href":"https:\/\/www.europesays.com\/fr\/wp-json\/wp\/v2\/users\/2"}],"replies":[{"embeddable":true,"href":"https:\/\/www.europesays.com\/fr\/wp-json\/wp\/v2\/comments?post=332688"}],"version-history":[{"count":0,"href":"https:\/\/www.europesays.com\/fr\/wp-json\/wp\/v2\/posts\/332688\/revisions"}],"wp:featuredmedia":[{"embeddable":true,"href":"https:\/\/www.europesays.com\/fr\/wp-json\/wp\/v2\/media\/332689"}],"wp:attachment":[{"href":"https:\/\/www.europesays.com\/fr\/wp-json\/wp\/v2\/media?parent=332688"}],"wp:term":[{"taxonomy":"category","embeddable":true,"href":"https:\/\/www.europesays.com\/fr\/wp-json\/wp\/v2\/categories?post=332688"},{"taxonomy":"post_tag","embeddable":true,"href":"https:\/\/www.europesays.com\/fr\/wp-json\/wp\/v2\/tags?post=332688"}],"curies":[{"name":"wp","href":"https:\/\/api.w.org\/{rel}","templated":true}]}}