{"id":332700,"date":"2025-08-20T23:58:15","date_gmt":"2025-08-20T23:58:15","guid":{"rendered":"https:\/\/www.europesays.com\/fr\/332700\/"},"modified":"2025-08-20T23:58:15","modified_gmt":"2025-08-20T23:58:15","slug":"juste-avant-de-defier-les-bleus-les-sud-africains-vont-se-tester-face-a-une-autre-nation","status":"publish","type":"post","link":"https:\/\/www.europesays.com\/fr\/332700\/","title":{"rendered":"juste avant de d\u00e9fier les Bleus, les Sud-Africains vont se tester face \u00e0 une autre nation"},"content":{"rendered":"<p>Un nouveau match au programme pour les Springboks. Mal engag\u00e9s dans le Rugby Championship apr\u00e8s leur d\u00e9faite surprise face \u00e0 l\u2019Australie en ouverture, l\u2019Afrique du Sud en sait d\u00e9sormais un peu plus sur la suite de son programme. Alors que les doubles champions du monde avaient d\u00e9j\u00e0 cinq matchs de pr\u00e9vu pour la fen\u00eatre internationale de novembre, un nouveau test a \u00e9t\u00e9 annonc\u00e9.<\/p>\n<p>Un match pr\u00e9vu face au Japon<\/p>\n<p>Une semaine avant de venir d\u00e9fier le XV de France \u00e0 Paris pour une revanche du quart de finale de la derni\u00e8re Coupe du monde, les hommes de Rassie Erasmus d\u00e9fieront le Japon \u00e0 Wembley. L\u2019occasion sans doute pour le s\u00e9lectionneur de tester de nouvelles choses avant les Bleus. Ensuite, les Springboks d\u00e9fieront l\u2019Italie, l\u2019Irlande et le pays de Galles.<\/p>\n<p>Partagez cette info avec vos amis et vos proches en cliquant ici<br \/>Pour r\u00e9sumer<\/p>\n<p>L\u2019Afrique du Sud va disputer un cinqui\u00e8me match lors de la tourn\u00e9e de novembre, une semaine avant de d\u00e9fier le XV de France \u00e0 Paris. Les doubles champions du monde se rendront pour l\u2019occasion \u00e0 Wembley pour affronter le Japon.<\/p>\n<p> <img decoding=\"async\" width=\"76\" height=\"76\" loading=\"lazy\" src=\"https:\/\/www.europesays.com\/fr\/wp-content\/uploads\/2025\/04\/avatar-quinze.png\" alt=\"Arnaud D\u00e9chelotte\"\/><\/p>\n","protected":false},"excerpt":{"rendered":"Un nouveau match au programme pour les Springboks. Mal engag\u00e9s dans le Rugby Championship apr\u00e8s leur d\u00e9faite surprise&hellip;\n","protected":false},"author":2,"featured_media":332701,"comment_status":"","ping_status":"","sticky":false,"template":"","format":"standard","meta":{"footnotes":""},"categories":[1416],"tags":[1011,27,479,1468,60],"class_list":{"0":"post-332700","1":"post","2":"type-post","3":"status-publish","4":"format-standard","5":"has-post-thumbnail","7":"category-rugby","8":"tag-fr","9":"tag-france","10":"tag-rugby","11":"tag-rugby-football","12":"tag-sports"},"share_on_mastodon":{"url":"https:\/\/pubeurope.com\/@fr\/115063809871058538","error":""},"_links":{"self":[{"href":"https:\/\/www.europesays.com\/fr\/wp-json\/wp\/v2\/posts\/332700","targetHints":{"allow":["GET"]}}],"collection":[{"href":"https:\/\/www.europesays.com\/fr\/wp-json\/wp\/v2\/posts"}],"about":[{"href":"https:\/\/www.europesays.com\/fr\/wp-json\/wp\/v2\/types\/post"}],"author":[{"embeddable":true,"href":"https:\/\/www.europesays.com\/fr\/wp-json\/wp\/v2\/users\/2"}],"replies":[{"embeddable":true,"href":"https:\/\/www.europesays.com\/fr\/wp-json\/wp\/v2\/comments?post=332700"}],"version-history":[{"count":0,"href":"https:\/\/www.europesays.com\/fr\/wp-json\/wp\/v2\/posts\/332700\/revisions"}],"wp:featuredmedia":[{"embeddable":true,"href":"https:\/\/www.europesays.com\/fr\/wp-json\/wp\/v2\/media\/332701"}],"wp:attachment":[{"href":"https:\/\/www.europesays.com\/fr\/wp-json\/wp\/v2\/media?parent=332700"}],"wp:term":[{"taxonomy":"category","embeddable":true,"href":"https:\/\/www.europesays.com\/fr\/wp-json\/wp\/v2\/categories?post=332700"},{"taxonomy":"post_tag","embeddable":true,"href":"https:\/\/www.europesays.com\/fr\/wp-json\/wp\/v2\/tags?post=332700"}],"curies":[{"name":"wp","href":"https:\/\/api.w.org\/{rel}","templated":true}]}}