{"id":332704,"date":"2025-08-21T00:01:10","date_gmt":"2025-08-21T00:01:10","guid":{"rendered":"https:\/\/www.europesays.com\/fr\/332704\/"},"modified":"2025-08-21T00:01:10","modified_gmt":"2025-08-21T00:01:10","slug":"il-faut-etre-moins-content-du-resultat-que-du-travail-accompli","status":"publish","type":"post","link":"https:\/\/www.europesays.com\/fr\/332704\/","title":{"rendered":"\u00ab Il faut \u00eatre moins content du r\u00e9sultat que du travail accompli \u00bb"},"content":{"rendered":"<p>&#13;<\/p>\n<p><strong>Pedro Acosta a termin\u00e9 quatri\u00e8me du Grand Prix d\u2019Autriche apr\u00e8s un podium en Sprint.<\/strong><\/p>\n<p>Pedro Acosta avait annonc\u00e9 la couleur en d\u00e9but de week-end en Autriche\u00a0: viser r\u00e9guli\u00e8rement le Top\u00a05. Objectif atteint \u00e0 Spielberg, avec une pr\u00e9sence aux avant-postes et un deuxi\u00e8me podium de la saison en Sprint. \u00ab\u2009Ce week-end, on a \u00e9t\u00e9 dans le Top\u00a05 quasiment \u00e0 chaque s\u00e9ance, souligne-t-il. M\u00eame en Autriche, qui n\u2019est pas une piste facile pour nous, on a \u00e9t\u00e9 comp\u00e9titifs. Il faut \u00eatre moins content du r\u00e9sultat que du travail accompli.\u2009\u00bb<\/p>\n<p>Quatri\u00e8me en course, le pilote KTM joue la r\u00e9gularit\u00e9 plut\u00f4t que le meilleur r\u00e9sultat en risquant les erreurs. \u00ab\u2009Si c\u2019\u00e9tait un jour normal dans la vie de Pedro Acosta, j\u2019aurais envoy\u00e9 la moto dans les graviers pour aller chercher ce podium, a-t-il souri. Mais parfois, il faut penser que le mot \u201cchampionnat\u201d veut dire plus qu\u2019une seule course.\u2009\u00bb<\/p>\n<p>L\u2019Espagnol cherche d\u00e9sormais \u00e0 construire sa saison sur la constance\u00a0: \u00ab\u2009On est \u00e0 \u00e9galit\u00e9 de points en cinqui\u00e8me position. Je ne sais pas, mais je pense que je devrais avoir plus de points maintenant qu\u2019\u00e0 la m\u00eame p\u00e9riode l\u2019ann\u00e9e derni\u00e8re, alors que je compte moins de podiums, ou presque. Maintenant, nous recherchons cette r\u00e9gularit\u00e9. Nous essayons d\u2019\u00eatre comp\u00e9titifs sur chaque circuit.\u2009\u00bb<\/p>\n<p>Acosta estime que son \u00e9volution de style de pilotage porte ses fruits\u00a0: \u00ab\u2009Nous \u00e9tions sur des circuits tr\u00e8s diff\u00e9rents, Brno et ici. Dans les deux cas, j\u2019ai \u00e9t\u00e9 comp\u00e9titif. Peut-\u00eatre que ce nouveau style de pilotage que j\u2019essaie d\u2019adopter convient mieux \u00e0 ces pistes fluides.\u2009\u00bb<\/p>\n<p>&#13;<br \/>\n           &#13;<br \/>\n&#13;<br \/>\n    &#13;<br \/>\n    &#13;<\/p>\n","protected":false},"excerpt":{"rendered":"&#13; Pedro Acosta a termin\u00e9 quatri\u00e8me du Grand Prix d\u2019Autriche apr\u00e8s un podium en Sprint. Pedro Acosta avait&hellip;\n","protected":false},"author":2,"featured_media":332705,"comment_status":"","ping_status":"","sticky":false,"template":"","format":"standard","meta":{"footnotes":""},"categories":[1413],"tags":[1011,27,1457,1456,60],"class_list":{"0":"post-332704","1":"post","2":"type-post","3":"status-publish","4":"format-standard","5":"has-post-thumbnail","7":"category-moto","8":"tag-fr","9":"tag-france","10":"tag-moto","11":"tag-motocycle","12":"tag-sports"},"share_on_mastodon":{"url":"https:\/\/pubeurope.com\/@fr\/115063821677912226","error":""},"_links":{"self":[{"href":"https:\/\/www.europesays.com\/fr\/wp-json\/wp\/v2\/posts\/332704","targetHints":{"allow":["GET"]}}],"collection":[{"href":"https:\/\/www.europesays.com\/fr\/wp-json\/wp\/v2\/posts"}],"about":[{"href":"https:\/\/www.europesays.com\/fr\/wp-json\/wp\/v2\/types\/post"}],"author":[{"embeddable":true,"href":"https:\/\/www.europesays.com\/fr\/wp-json\/wp\/v2\/users\/2"}],"replies":[{"embeddable":true,"href":"https:\/\/www.europesays.com\/fr\/wp-json\/wp\/v2\/comments?post=332704"}],"version-history":[{"count":0,"href":"https:\/\/www.europesays.com\/fr\/wp-json\/wp\/v2\/posts\/332704\/revisions"}],"wp:featuredmedia":[{"embeddable":true,"href":"https:\/\/www.europesays.com\/fr\/wp-json\/wp\/v2\/media\/332705"}],"wp:attachment":[{"href":"https:\/\/www.europesays.com\/fr\/wp-json\/wp\/v2\/media?parent=332704"}],"wp:term":[{"taxonomy":"category","embeddable":true,"href":"https:\/\/www.europesays.com\/fr\/wp-json\/wp\/v2\/categories?post=332704"},{"taxonomy":"post_tag","embeddable":true,"href":"https:\/\/www.europesays.com\/fr\/wp-json\/wp\/v2\/tags?post=332704"}],"curies":[{"name":"wp","href":"https:\/\/api.w.org\/{rel}","templated":true}]}}