{"id":332706,"date":"2025-08-21T00:02:21","date_gmt":"2025-08-21T00:02:21","guid":{"rendered":"https:\/\/www.europesays.com\/fr\/332706\/"},"modified":"2025-08-21T00:02:21","modified_gmt":"2025-08-21T00:02:21","slug":"aldeguer-devient-une-reference-meme-pour-marc-marquez","status":"publish","type":"post","link":"https:\/\/www.europesays.com\/fr\/332706\/","title":{"rendered":"Aldeguer devient une r\u00e9f\u00e9rence, m\u00eame pour Marc M\u00e1rquez"},"content":{"rendered":"<p>Depuis son arriv\u00e9e en MotoGP, Ferm\u00edn Aldeguer s\u2019impose comme l\u2019un des jeunes talents les plus prometteurs. Le pilote espagnol, engag\u00e9 avec Gresini Ducati, a brill\u00e9 au Red Bull Ring en Autriche gr\u00e2ce \u00e0 sa ma\u00eetrise exceptionnelle en fin de course.<\/p>\n<p><b>Une gestion des pneus remarquable<\/b><\/p>\n<p>L\u00e0 o\u00f9 beaucoup souffrent du d\u00e9clin des performances, Aldeguer parvient \u00e0 garder un rythme soutenu et \u00e0 attaquer dans les derniers tours. Cette capacit\u00e9 \u00e0 optimiser la d\u00e9gradation du pneu arri\u00e8re fait de lui un adversaire redoutable sur la distance.<\/p>\n<blockquote>\n<p>\u201cJe me surprends toujours avec mon rythme dans les derniers tours. Je suis le meilleur chez Ducati pour g\u00e9rer le pneu arri\u00e8re, [je le sais] parce qu&rsquo;on a toutes les donn\u00e9es de Michelin. C&rsquo;est comme \u00e7a, je ne sais pas pourquoi, c&rsquo;est mon style\u00a0! Je suis peut-\u00eatre tr\u00e8s propre sur l&rsquo;acc\u00e9l\u00e9rateur, j&rsquo;utilise tr\u00e8s bien les gaz. C&rsquo;est mon style. Je ne fais rien de diff\u00e9rent de quand je travaille chez moi ou en essais. Je pense que c&rsquo;est li\u00e9 \u00e0 ma vitesse en milieu de courbe, ma fa\u00e7on de g\u00e9rer l&rsquo;acc\u00e9l\u00e9rateur, parce que je suis tr\u00e8s propre pour l\u2019utiliser.\u201d D\u00e9clare Aldeguer, source : <a href=\"http:\/\/motorsport.com\" rel=\"nofollow noopener\" target=\"_blank\">motorsport.com<\/a>\u00a0<\/p>\n<\/blockquote>\n<p><b>M\u00e1rquez sous le charme et sous pression<\/b><b\/><\/p>\n<p>Marc M\u00e1rquez, r\u00e9f\u00e9rence incontest\u00e9e du MotoGP, a reconnu avoir observ\u00e9 et m\u00eame tent\u00e9 de s\u2019inspirer de son compatriote. Voir un multiple champion du monde admettre qu\u2019il s\u2019int\u00e9resse au style d\u2019un rookie illustre l\u2019impact imm\u00e9diat qu\u2019a Aldeguer dans le paddock.<\/p>\n<blockquote>\n<p>\u201cJe savais que parmi les pilotes Ducati, c&rsquo;est celui qui avait la meilleure gestion du pneu\u201d D\u00e9clare le leader du championnat, source : <a href=\"http:\/\/motorsport.com\" rel=\"nofollow noopener\" target=\"_blank\">motorsport.com<\/a>\u00a0<\/p>\n<\/blockquote>\n<p><b>Un futur d\u00e9j\u00e0 en marche<\/b><\/p>\n<p>Si Aldeguer continue sur cette lanc\u00e9e, il pourrait rapidement s\u2019installer parmi les pr\u00e9tendants r\u00e9guliers aux podiums. Son adaptation rapide \u00e0 la cat\u00e9gorie reine, combin\u00e9e \u00e0 une approche strat\u00e9gique de la course, fait de lui une menace grandissante pour les cadors \u00e9tablis.<\/p>\n<p>    Partagez cette info avec vos amis et vos proches en cliquant ici  <\/p>\n<p> Podcasts \u00e0 la une MEN LIFE <\/p>\n<p>    MotoGP : Aldeguer impressionne, M\u00e1rquez reconna\u00eet son influence en fin de course\u2028<\/p>\n<p>Ferm\u00edn Aldeguer confirme son statut de r\u00e9v\u00e9lation en MotoGP. Gr\u00e2ce \u00e0 une gestion exceptionnelle des derniers tours, le pilote Gresini Ducati a marqu\u00e9 Marc M\u00e1rquez au point que ce dernier admet s\u2019inspirer de son style. Une ascension fulgurante qui bouscule d\u00e9j\u00e0 les hi\u00e9rarchies.<\/p>\n<p>R\u00e9dacteur<\/p>\n<p><img decoding=\"async\" width=\"76\" height=\"76\" loading=\"lazy\" src=\"https:\/\/www.europesays.com\/fr\/wp-content\/uploads\/2025\/04\/avatar-sport-am.png\" alt=\"Victor Teyssier\"\/><\/p>\n","protected":false},"excerpt":{"rendered":"Depuis son arriv\u00e9e en MotoGP, Ferm\u00edn Aldeguer s\u2019impose comme l\u2019un des jeunes talents les plus prometteurs. Le pilote&hellip;\n","protected":false},"author":2,"featured_media":332707,"comment_status":"","ping_status":"","sticky":false,"template":"","format":"standard","meta":{"footnotes":""},"categories":[1412],"tags":[1451,1452,1453,1454,1455,1011,27,60],"class_list":{"0":"post-332706","1":"post","2":"type-post","3":"status-publish","4":"format-standard","5":"has-post-thumbnail","7":"category-f1","8":"tag-f1","9":"tag-formula-1","10":"tag-formula1","11":"tag-formule-1","12":"tag-formule1","13":"tag-fr","14":"tag-france","15":"tag-sports"},"share_on_mastodon":{"url":"https:\/\/pubeurope.com\/@fr\/115063825653499253","error":""},"_links":{"self":[{"href":"https:\/\/www.europesays.com\/fr\/wp-json\/wp\/v2\/posts\/332706","targetHints":{"allow":["GET"]}}],"collection":[{"href":"https:\/\/www.europesays.com\/fr\/wp-json\/wp\/v2\/posts"}],"about":[{"href":"https:\/\/www.europesays.com\/fr\/wp-json\/wp\/v2\/types\/post"}],"author":[{"embeddable":true,"href":"https:\/\/www.europesays.com\/fr\/wp-json\/wp\/v2\/users\/2"}],"replies":[{"embeddable":true,"href":"https:\/\/www.europesays.com\/fr\/wp-json\/wp\/v2\/comments?post=332706"}],"version-history":[{"count":0,"href":"https:\/\/www.europesays.com\/fr\/wp-json\/wp\/v2\/posts\/332706\/revisions"}],"wp:featuredmedia":[{"embeddable":true,"href":"https:\/\/www.europesays.com\/fr\/wp-json\/wp\/v2\/media\/332707"}],"wp:attachment":[{"href":"https:\/\/www.europesays.com\/fr\/wp-json\/wp\/v2\/media?parent=332706"}],"wp:term":[{"taxonomy":"category","embeddable":true,"href":"https:\/\/www.europesays.com\/fr\/wp-json\/wp\/v2\/categories?post=332706"},{"taxonomy":"post_tag","embeddable":true,"href":"https:\/\/www.europesays.com\/fr\/wp-json\/wp\/v2\/tags?post=332706"}],"curies":[{"name":"wp","href":"https:\/\/api.w.org\/{rel}","templated":true}]}}