{"id":332708,"date":"2025-08-21T00:03:22","date_gmt":"2025-08-21T00:03:22","guid":{"rendered":"https:\/\/www.europesays.com\/fr\/332708\/"},"modified":"2025-08-21T00:03:22","modified_gmt":"2025-08-21T00:03:22","slug":"cyclisme-tour-dallemagne-soren-waerenskjold-remporte-le-prologue-van-aert-5e","status":"publish","type":"post","link":"https:\/\/www.europesays.com\/fr\/332708\/","title":{"rendered":"Cyclisme. Tour d&rsquo;Allemagne &#8211; Soren Waerenskjold remporte le prologue ! Van Aert 5e"},"content":{"rendered":"<p>Le <strong><a href=\"https:\/\/www.cyclismactu.net\/..\/news-tour-d-allemagne-route-parcours-profils-et-favoris-du-lidl-deutschland-tour-2025-89657.html\" target=\"_blank\" rel=\"nofollow noopener\">Tour d&rsquo;Allemagne<\/a><\/strong> &#8211; ou <strong>Lidl Deutschland Tour<\/strong> en version originale &#8211; s&rsquo;est \u00e9lanc\u00e9 ce mercredi, \u00e0 l&rsquo;occasion d&rsquo;un prologue de 3,1 kilom\u00e8tres dans les rues d&rsquo;Essen. Une \u00e9preuve r\u00e9serv\u00e9e aux grosses cuisses&#8230; et qui a \u00e9t\u00e9 remport\u00e9 par l&rsquo;une d&rsquo;entre elles, puisque c&rsquo;est <strong>Soren Waerenskjold<\/strong> (du haut de ses 1m95 pour environ 90kg) qui s&rsquo;est impos\u00e9 ! Le Norv\u00e9gien d&rsquo;<strong>Uno-X Mobility<\/strong> a devanc\u00e9 <strong>Samuel Watson<\/strong> (INEOS Grenadiers) de 1&Prime; et <strong>Marco Haller<\/strong> (Tudor) de 2&Prime;.<\/p>\n<p>Vid\u00e9o &#8211; Le r\u00e9sum\u00e9 du prologue de ce Tour d&rsquo;Allemagne Lire la suite de l&rsquo;article&#13;<\/p>\n<p>\u00a0<\/p>\n<p>&#13;<br \/>\nVan Aert 5e, Lipowitz 36e&#8230; les r\u00e9sultats des leaders&#13;<\/p>\n<p>Autre favori de ce prologue,<strong> Wout Van Aert<\/strong> (Visma | Lease a Bike) a finalement pris la 5e place, \u00e0 3 secondes. Entour\u00e9 par deux coureurs de la <strong>Red Bull-BORA-hansgrohe<\/strong>, <strong>Laurence Pithie<\/strong> (4e \u00e0 3&Prime;) et <strong>Danny van Poppel <\/strong>(6e \u00e0 3&Prime;). Vainqueur de cette \u00e9preuve l&rsquo;an pass\u00e9, <strong>Jonathan Milan<\/strong> (Lidl-Trek) est cette fois-ci pass\u00e9 loin de la gagne, puisqu&rsquo;il n&rsquo;a pris que la 15e place, \u00e0 6&Prime;. Relative d\u00e9ception \u00e9galement pour <strong>Kaden Groves <\/strong>(25e \u00e0 8&Prime;, Alpecin-Deceuninck), <strong>Matthew Brennan <\/strong>(32e \u00e0 9&Prime;, Visma | Lease a Bike) ou encore<strong> Florian Lipowitz<\/strong> (36e \u00e0 9&Prime;,\u00a0Red Bull-BORA-hansgrohe). Concernant les leaders d&rsquo;<strong>UAE Team Emirates XRG<\/strong>, <strong>Brandon McNulty<\/strong> a termin\u00e9 11e \u00e0 5&Prime;<strong>, Jhonatan Narvaez<\/strong> 23e \u00e0 9&Prime; et <strong>Jan Christen<\/strong> 37e \u00e0 10&Prime;.<\/p>\n<p>Lidl Tour d&rsquo;Allemagne &#8211; Classement<\/p>\n","protected":false},"excerpt":{"rendered":"Le Tour d&rsquo;Allemagne &#8211; ou Lidl Deutschland Tour en version originale &#8211; s&rsquo;est \u00e9lanc\u00e9 ce mercredi, \u00e0 l&rsquo;occasion&hellip;\n","protected":false},"author":2,"featured_media":332709,"comment_status":"","ping_status":"","sticky":false,"template":"","format":"standard","meta":{"footnotes":""},"categories":[1411],"tags":[1154,207,1011,27,209,60,3318,208],"class_list":{"0":"post-332708","1":"post","2":"type-post","3":"status-publish","4":"format-standard","5":"has-post-thumbnail","7":"category-cyclisme","8":"tag-cycling","9":"tag-cyclisme","10":"tag-fr","11":"tag-france","12":"tag-route","13":"tag-sports","14":"tag-tour-d","15":"tag-velo"},"share_on_mastodon":{"url":"https:\/\/pubeurope.com\/@fr\/115063829546183506","error":""},"_links":{"self":[{"href":"https:\/\/www.europesays.com\/fr\/wp-json\/wp\/v2\/posts\/332708","targetHints":{"allow":["GET"]}}],"collection":[{"href":"https:\/\/www.europesays.com\/fr\/wp-json\/wp\/v2\/posts"}],"about":[{"href":"https:\/\/www.europesays.com\/fr\/wp-json\/wp\/v2\/types\/post"}],"author":[{"embeddable":true,"href":"https:\/\/www.europesays.com\/fr\/wp-json\/wp\/v2\/users\/2"}],"replies":[{"embeddable":true,"href":"https:\/\/www.europesays.com\/fr\/wp-json\/wp\/v2\/comments?post=332708"}],"version-history":[{"count":0,"href":"https:\/\/www.europesays.com\/fr\/wp-json\/wp\/v2\/posts\/332708\/revisions"}],"wp:featuredmedia":[{"embeddable":true,"href":"https:\/\/www.europesays.com\/fr\/wp-json\/wp\/v2\/media\/332709"}],"wp:attachment":[{"href":"https:\/\/www.europesays.com\/fr\/wp-json\/wp\/v2\/media?parent=332708"}],"wp:term":[{"taxonomy":"category","embeddable":true,"href":"https:\/\/www.europesays.com\/fr\/wp-json\/wp\/v2\/categories?post=332708"},{"taxonomy":"post_tag","embeddable":true,"href":"https:\/\/www.europesays.com\/fr\/wp-json\/wp\/v2\/tags?post=332708"}],"curies":[{"name":"wp","href":"https:\/\/api.w.org\/{rel}","templated":true}]}}