{"id":332710,"date":"2025-08-21T00:04:15","date_gmt":"2025-08-21T00:04:15","guid":{"rendered":"https:\/\/www.europesays.com\/fr\/332710\/"},"modified":"2025-08-21T00:04:15","modified_gmt":"2025-08-21T00:04:15","slug":"psg-une-question-de-jours-un-transfert-fuite-dans-la-presse","status":"publish","type":"post","link":"https:\/\/www.europesays.com\/fr\/332710\/","title":{"rendered":"PSG\u00a0: \u00abUne question de jours\u00bb, un transfert fuite dans la presse\u00a0!"},"content":{"rendered":"<p>Thomas Bourseau<\/p>\n<p>                        &#8211;<\/p>\n<p>R\u00e9dacteur<\/p>\n<p>F\u00e9ru de sport, Thomas a grandi entre le ballon rond du football et le orange du basket, ses deux coups de c\u0153ur depuis toujours. Dipl\u00f4m\u00e9 d\u2019un Master et d\u2019une Licence \u00e0 l\u2019Institut Europ\u00e9en du Journalisme de Paris, il suit toujours de tr\u00e8s pr\u00e8s les aventures d\u2019Arsenal et des Los Angeles Lakers.<\/p>\n<p class=\"heading\">D\u00e9j\u00e0 loin du PSG la saison derni\u00e8re en raison de son pr\u00eat \u00e0 West Ham \u00e0 Londres, Carlos Soler se dirait en coulisses pr\u00eat \u00e0 embrayer sur un nouveau pr\u00eat et m\u00eame un nouveau transfert d\u2019ici la fin du mercato comme affirm\u00e9 par le journaliste Fabrizio Romano, mais pas n\u2019importe o\u00f9. <\/p>\n<p>A 28 ans, <strong>Carlos Soler <\/strong>est amen\u00e9 \u00e0 prendre une nouvelle fois la porte. Le Parisien r\u00e9v\u00e9lait au moment de son d\u00e9part en pr\u00eat pour <strong>West Ham <\/strong>\u00e0 l\u2019\u00e9t\u00e9 2024 que <strong>Soler <\/strong>avait report\u00e9 cette d\u00e9cision d\u00e9j\u00e0 pr\u00e9vue un an plus t\u00f4t en raison de la venue de <strong>Luis Enrique<\/strong>. Le coach espagnol qu\u2019il a c\u00f4toy\u00e9 en s\u00e9lection avec La Roja et notamment \u00e0 la <strong>Coupe du monde 2022<\/strong>, ne l\u2019a cependant pas plus utilis\u00e9 que \u00e7a au milieu de terrain. <strong>Soler <\/strong>d\u00e9pannait souvent au poste de lat\u00e9ral droit. <\/p>\n<p>                                            Un d\u00e9part boucl\u00e9 dans les dix jours pour Soler\u00a0?<\/p>\n<p>De quoi l\u2019inciter \u00e0 aller voir ailleurs \u00e0 Londres du c\u00f4t\u00e9 du club de <strong>West Ham <\/strong>sous la forme d\u2019un pr\u00eat. Et alors qu\u2019il a effectu\u00e9 son retour au <a href=\"https:\/\/le10sport.com\/football\/ligue1\/psg\/luis-enrique-le-degoute-transfert-reclame-au-psg-754943\" rel=\"nofollow noopener\" target=\"_blank\">Paris Saint-Germain <\/a>\u00e0 l\u2019intersaison, <strong>Carlos Soler <\/strong>devrait replier bagage avant la cl\u00f4ture du march\u00e9 des transferts pr\u00e9vue pour le 1er septembre. Sur son compte X, <strong>Fabrizio Romano <\/strong>a l\u00e2ch\u00e9 une grande annonce ce mercredi. Dans les dix prochains jours, Soler prendra la porte au <strong>PSG<\/strong>. <\/p>\n<p>                                            Carlos Soler pr\u00eat \u00e0 partir\u2026 pour l\u2019Angleterre ou l\u2019Espagne\u00a0?<\/p>\n<p>L\u2019international espagnol serait totalement ouvert \u00e0 l\u2019id\u00e9e de quitter le <strong>PSG<\/strong>, que ce soit par le biais d\u2019un nouveau pr\u00eat voire d\u2019un transfert d\u00e9finitif. Le principal int\u00e9ress\u00e9 aurait une condition \u00e0 respecter n\u00e9anmoins. Laquelle\u00a0? Le fait que l\u2019op\u00e9ration ait lieu avec un club anglais ou espagnol, \u00e0 savoir ses deux destinations prioritaires d\u2019apr\u00e8s le journaliste italien. <\/p>\n","protected":false},"excerpt":{"rendered":"Thomas Bourseau &#8211; R\u00e9dacteur F\u00e9ru de sport, Thomas a grandi entre le ballon rond du football et le&hellip;\n","protected":false},"author":2,"featured_media":332711,"comment_status":"","ping_status":"","sticky":false,"template":"","format":"standard","meta":{"footnotes":""},"categories":[1410],"tags":[63,1011,27,60],"class_list":{"0":"post-332710","1":"post","2":"type-post","3":"status-publish","4":"format-standard","5":"has-post-thumbnail","7":"category-football","8":"tag-football","9":"tag-fr","10":"tag-france","11":"tag-sports"},"share_on_mastodon":{"url":"https:\/\/pubeurope.com\/@fr\/115063833559995414","error":""},"_links":{"self":[{"href":"https:\/\/www.europesays.com\/fr\/wp-json\/wp\/v2\/posts\/332710","targetHints":{"allow":["GET"]}}],"collection":[{"href":"https:\/\/www.europesays.com\/fr\/wp-json\/wp\/v2\/posts"}],"about":[{"href":"https:\/\/www.europesays.com\/fr\/wp-json\/wp\/v2\/types\/post"}],"author":[{"embeddable":true,"href":"https:\/\/www.europesays.com\/fr\/wp-json\/wp\/v2\/users\/2"}],"replies":[{"embeddable":true,"href":"https:\/\/www.europesays.com\/fr\/wp-json\/wp\/v2\/comments?post=332710"}],"version-history":[{"count":0,"href":"https:\/\/www.europesays.com\/fr\/wp-json\/wp\/v2\/posts\/332710\/revisions"}],"wp:featuredmedia":[{"embeddable":true,"href":"https:\/\/www.europesays.com\/fr\/wp-json\/wp\/v2\/media\/332711"}],"wp:attachment":[{"href":"https:\/\/www.europesays.com\/fr\/wp-json\/wp\/v2\/media?parent=332710"}],"wp:term":[{"taxonomy":"category","embeddable":true,"href":"https:\/\/www.europesays.com\/fr\/wp-json\/wp\/v2\/categories?post=332710"},{"taxonomy":"post_tag","embeddable":true,"href":"https:\/\/www.europesays.com\/fr\/wp-json\/wp\/v2\/tags?post=332710"}],"curies":[{"name":"wp","href":"https:\/\/api.w.org\/{rel}","templated":true}]}}