{"id":332714,"date":"2025-08-21T00:06:08","date_gmt":"2025-08-21T00:06:08","guid":{"rendered":"https:\/\/www.europesays.com\/fr\/332714\/"},"modified":"2025-08-21T00:06:08","modified_gmt":"2025-08-21T00:06:08","slug":"paul-cezanne-le-maitre-aixois-de-la-peinture-qui-a-une-cote-toujours-au-plus-haut-sur-le-marche-de-lart-la-provence","status":"publish","type":"post","link":"https:\/\/www.europesays.com\/fr\/332714\/","title":{"rendered":"Paul Cezanne, le ma\u00eetre aixois de la peinture qui a une cote toujours au plus haut sur le march\u00e9 de l&#039;art &#8211; La Provence"},"content":{"rendered":"<ol>\n<li><a href=\"https:\/\/news.google.com\/rss\/articles\/CBMi_AFBVV95cUxObWNraDkzb2oweEx1TU9VWkk2cVkyNkl2TXFpTDRUbnExU3o1OV9GN2wySWdwbTFoakF0LU0yMWRrdndfN3IwT1hkbmxYeUtfNmxacVdwbHBIU0dCV2EwMXNoMjIyMlFCWjVqRnBIQkhtZzM2OVFLdUJaU1o3NVpET2NQTEVwVGkyUWViOFl2NWQ1Mm1kLUdENWlCT1RNWHVvc1dGaW1CbDVNbFVMdjloRVVCTTZTeUFrRzJUZWExTWxaY3RnNW5UUlV1MFdscHZVdVFoNUFsaU00dWF6SUJlWmJfU29kdlRlUDhUUGVxaEFyMnoxTmhPR1dSZjg?oc=5\" target=\"_blank\" rel=\"nofollow noopener\">Paul Cezanne, le ma\u00eetre aixois de la peinture qui a une cote toujours au plus haut sur le march\u00e9 de l&rsquo;art<\/a>&nbsp;&nbsp;La Provence<\/li>\n<li><a href=\"https:\/\/news.google.com\/rss\/articles\/CBMi6AFBVV95cUxPOE4zcW5ha3VxcVNkYnNHT2NUU2JnN0xjUGJyeVhQdndhYkJVd2p6eENKdWNaejM0WWtEdHpWQ1I5elpqVndqemdqSnpVdEZreUw3TDlQZUlac1FtNjd5elNnSEROOWF3TThvMWhBWFlzRjJGZF93R1NlM2dSb0hUVnAzd1pCWXEzYnVUb2lfalpXYy0yczVGVHljcW0wel90UEliZHV1VnRGYTNFc0pESWRFX252UmE5ZmZXSUpwT1B3YmlVaFU3ZzJDS3FUeE5CSW85SVFoVXNIaG53RlhNazBIZkV3VnMw?oc=5\" target=\"_blank\" rel=\"nofollow noopener\">Un hommage gourmand \u00e0 Paul Cezanne sign\u00e9 Christophe Gavot, chef cuisinier de la Villa Gallici \u00e0 Aix<\/a>&nbsp;&nbsp;La Provence<\/li>\n<li><a href=\"https:\/\/news.google.com\/rss\/articles\/CBMid0FVX3lxTE95bml5NVI2M1pybzNuN09EcUFWNHliRnhDQng3WHpvSGZ2X2J2ZGQ2N2Q2b09hM1pZOUJRNFFRc2hPQVZieGhMOXlqOVVMQ1FXZjFlQlFwdFQ1QzRfMGFFZ0EwaXVyMnEtd2hUWk5ZaTRfRkJtQ3JV?oc=5\" target=\"_blank\" rel=\"nofollow noopener\">Aix-en-Provence : sur les traces de C\u00e9zanne, entre tradition et modernit\u00e9<\/a>&nbsp;&nbsp;IDEAT<\/li>\n<li><a href=\"https:\/\/news.google.com\/rss\/articles\/CBMilAFBVV95cUxQaHRPMTlHY1piUC0zQXB5RU1PWHVMazAtVkpOM0Y1N2pScjVyb01BYnVaeGpUQUNsRkg3Vjdab3VlUHBVYjU4MHNhNHBmS3B4eW9VeW5RRkpiS0dLMEc0SjFTYXBtQkNpMVNzUzZ4eVZPZC1vMXZFa3ppaUNZdVB3bUI1bkdiRmZFYWFnTDJXZFpzVW5J?oc=5\" target=\"_blank\" rel=\"nofollow noopener\">Culture : \u00ab C\u00e9zanne 2025 \u00bb, un \u00e9v\u00e8nement qui met \u00e0 l\u2019honneur \u00ab le Maitre d\u2019Aix \u00bb<\/a>&nbsp;&nbsp;AirZen Radio<\/li>\n<li><a href=\"https:\/\/news.google.com\/rss\/articles\/CBMiqAFBVV95cUxQaGdCcDJuYjdNZ0xMaHFlNUtKbURjZUVzcHBoZnlrWHpmeFRiNjM2VTByd2s0VDdvWG1BTUpxNjdMd1JYdzBMSGFmdEZUZlFCdnJpQmExb0pNTmxmUldJVjh4bmJyUGVMQ3dvNGktZHRkQ0w0Qlk1UU0tR2JLRXhtazNFYndmOUYwR212SFZmNXMxdHc3RVFFVXo5b3ZEZTJGSXpsUXRHWFQ?oc=5\" target=\"_blank\" rel=\"nofollow noopener\">Regards sur C\u00e9zanne #2 : la le\u00e7on du peintre, par Angelin Preljocaj<\/a>&nbsp;&nbsp;Minist\u00e8re de la Culture<\/li>\n<\/ol>\n","protected":false},"excerpt":{"rendered":"Paul Cezanne, le ma\u00eetre aixois de la peinture qui a une cote toujours au plus haut sur le&hellip;\n","protected":false},"author":2,"featured_media":1445,"comment_status":"","ping_status":"","sticky":false,"template":"","format":"standard","meta":{"footnotes":""},"categories":[1358],"tags":[1348,1384,1385,1386,58,59,1011,27],"class_list":{"0":"post-332714","1":"post","2":"type-post","3":"status-publish","4":"format-standard","5":"has-post-thumbnail","7":"category-arts-et-design","8":"tag-arts","9":"tag-arts-and-design","10":"tag-arts-et-design","11":"tag-design","12":"tag-divertissement","13":"tag-entertainment","14":"tag-fr","15":"tag-france"},"share_on_mastodon":{"url":"https:\/\/pubeurope.com\/@fr\/115063841555266049","error":""},"_links":{"self":[{"href":"https:\/\/www.europesays.com\/fr\/wp-json\/wp\/v2\/posts\/332714","targetHints":{"allow":["GET"]}}],"collection":[{"href":"https:\/\/www.europesays.com\/fr\/wp-json\/wp\/v2\/posts"}],"about":[{"href":"https:\/\/www.europesays.com\/fr\/wp-json\/wp\/v2\/types\/post"}],"author":[{"embeddable":true,"href":"https:\/\/www.europesays.com\/fr\/wp-json\/wp\/v2\/users\/2"}],"replies":[{"embeddable":true,"href":"https:\/\/www.europesays.com\/fr\/wp-json\/wp\/v2\/comments?post=332714"}],"version-history":[{"count":0,"href":"https:\/\/www.europesays.com\/fr\/wp-json\/wp\/v2\/posts\/332714\/revisions"}],"wp:featuredmedia":[{"embeddable":true,"href":"https:\/\/www.europesays.com\/fr\/wp-json\/wp\/v2\/media\/1445"}],"wp:attachment":[{"href":"https:\/\/www.europesays.com\/fr\/wp-json\/wp\/v2\/media?parent=332714"}],"wp:term":[{"taxonomy":"category","embeddable":true,"href":"https:\/\/www.europesays.com\/fr\/wp-json\/wp\/v2\/categories?post=332714"},{"taxonomy":"post_tag","embeddable":true,"href":"https:\/\/www.europesays.com\/fr\/wp-json\/wp\/v2\/tags?post=332714"}],"curies":[{"name":"wp","href":"https:\/\/api.w.org\/{rel}","templated":true}]}}