{"id":332717,"date":"2025-08-21T00:08:23","date_gmt":"2025-08-21T00:08:23","guid":{"rendered":"https:\/\/www.europesays.com\/fr\/332717\/"},"modified":"2025-08-21T00:08:23","modified_gmt":"2025-08-21T00:08:23","slug":"la-meilleure-serie-politique-de-netflix-revient-cet-automne-pour-une-suite-tres-attendue","status":"publish","type":"post","link":"https:\/\/www.europesays.com\/fr\/332717\/","title":{"rendered":"La meilleure s\u00e9rie politique de Netflix revient cet automne pour une suite tr\u00e8s attendue"},"content":{"rendered":"<p>Cette s\u00e9rie politique, consid\u00e9r\u00e9e comme l\u2019une des meilleures de Netflix, va prochainement faire son retour sur la plateforme. Cette troisi\u00e8me saison, tr\u00e8s attendue, sera pleine de rebondissements et elle sera disponible dans le catalogue d\u00e8s l\u2019automne prochain.<\/p>\n<p>Il y a des s\u00e9ries sur Netflix qui ont appris le mot patience \u00e0 ses abonn\u00e9s. C&rsquo;est le cas de <a href=\"https:\/\/www.programme-tv.net\/news\/series-tv\/364111-la-diplomate-les-premieres-infos-sur-la-saison-3\/\" data-api-deeplink=\"teleloisirs:\/\/news\/364111\" target=\"_blank\" rel=\"noopener\">La Diplomate.<\/a> Alors que la premi\u00e8re saison de la s\u00e9rie a vu le jour sur la plateforme de streaming en avril 2023, il aura fallu attendre un an et demi pour d\u00e9couvrir la suite, sortie en octobre 2024. <a href=\"https:\/\/www.programme-tv.net\/news\/series-tv\/363843-la-diplomate-netflix-mais-pourquoi-la-saison-2-ne-compte-que-6-episodes\/\" data-api-deeplink=\"teleloisirs:\/\/news\/363843\" target=\"_blank\" rel=\"noopener\">Une deuxi\u00e8me saison qui ne compte que six \u00e9pisodes<\/a>, mais qui a fait beaucoup de bruit, notamment \u00e0 cause d&rsquo;<a href=\"https:\/\/www.programme-tv.net\/news\/series-tv\/364200-la-diplomate-saison-2-netflix-les-acteurs-reagissent-au-cliffhanger-de-dingue-qui-a-choque-les-fans\/\" data-api-deeplink=\"teleloisirs:\/\/news\/364200\" target=\"_blank\" rel=\"noopener\">un cliffhanger de dingue qui a choqu\u00e9 les fans et qui a fait r\u00e9agir les acteurs de la s\u00e9rie<\/a>. Forc\u00e9ment, la porte \u00e9tait ouverte pour une troisi\u00e8me saison. <b>\u00c7a tombe bien, avant m\u00eame la sortie de la saison 2, le g\u00e9ant de la SVOD avait d\u00e9cid\u00e9 de renouveler la s\u00e9rie pour une nouvelle salve d&rsquo;\u00e9pisodes, et ceux-ci seront disponibles dans le catalogue Netflix <\/b><a href=\"https:\/\/www.programme-tv.net\/news\/series-tv\/314930-netflix-toutes-les-dates-de-sortie-de-vos-series-preferees-de-2023\/\" data-api-deeplink=\"teleloisirs:\/\/news\/314930\" target=\"_blank\" rel=\"noopener\"><b>d\u00e8s le 16 octobre prochain.<\/b><\/a><\/p>\n<p>                        De quoi va parler la saison 3 de La Diplomate sur Netflix ?<\/p>\n<p>C&rsquo;est sur X, anciennement Twitter, que le g\u00e9ant du streaming a partag\u00e9 une premi\u00e8re bande-annonce de la troisi\u00e8me saison de La Diplomate. Mais de quoi va parler cette suite de la s\u00e9rie ? \u00c0 la find e la saison 2, l&rsquo;ambassadrice Kate Wyler a accus\u00e9 la vice-pr\u00e9sidente Grace Penn d&rsquo;avoir orchestr\u00e9 un attentat terroriste. Une accusation qui intervient la veille de la mort du pr\u00e9sident Rayburn, qui a fait une crise cardiaque apr\u00e8s avoir entendu les r\u00e9v\u00e9lations de Hal Wyler. Grace Penn est donc d\u00e9sormais pr\u00e9sidente des \u00c9tats-Unis. Alors que <b>Kate Wyler n&rsquo;\u00e9tait pas franchement pour se lancer en politique, elle va finalement se retrouver en course, malgr\u00e9 elle, pour d\u00e9crocher le poste de vice-pr\u00e9sidente.<\/b><\/p>\n<p>            <b>\u00ab\u00a0Personne ne sait ce que font ces gens\u00a0\u00bb : <\/b><b>p<\/b>ourquoi la cr\u00e9atrice de La Diplomate s&rsquo;est-elle int\u00e9ress\u00e9e aux diplomates am\u00e9ricains ?<\/p>\n<p>Aupr\u00e8s du site Tudum de Netflix, la cr\u00e9atrice de la s\u00e9rie, Debora Cahn, a r\u00e9v\u00e9l\u00e9 avoir eu l&rsquo;id\u00e9e d&rsquo;\u00e9crire La Diplomate apr\u00e8s avoir rencontr\u00e9 des ambassadeurs am\u00e9ricains. \u00ab\u00a0Le service des affaires \u00e9trang\u00e8res est le premier \u00e0 entrer et le dernier \u00e0 sortir de chaque catastrophe dans le monde, et personne ne sait qui il est ni, ce qu&rsquo;il fait. <b>Ils sont calmes et discrets<\/b> (&#8230;) <b>Personne ne sait ce que font ces gens.<\/b> Il s&rsquo;agit d&rsquo;une activit\u00e9 de premi\u00e8re ligne dont personne n&rsquo;a jamais entendu parler.\u00a0\u00bb<\/p>\n<blockquote class=\"twitter-tweet\">\n<p lang=\"en\" dir=\"ltr\">Keri Russell, Rufus Sewell, Allison Janney, and Bradley Whitford will return in THE DIPLOMAT S3, coming to Netflix 16 October. <a href=\"https:\/\/t.co\/5S9yBmA3sZ\">pic.twitter.com\/5S9yBmA3sZ<\/a><\/p>\n<p>\u2014 Netflix UK &amp; Ireland (@NetflixUK) <a href=\"https:\/\/twitter.com\/NetflixUK\/status\/1957427259486126530?ref_src=twsrc%5Etfw\" target=\"_blank\" rel=\"noopener\">August 18, 2025<\/a><\/p><\/blockquote>\n<p>Article \u00e9crit avec la collaboration de 6m\u00e9dias<\/p>\n<p>        <script async src=\"https:\/\/platform.twitter.com\/widgets.js\" charset=\"utf-8\"><\/script><\/p>\n","protected":false},"excerpt":{"rendered":"Cette s\u00e9rie politique, consid\u00e9r\u00e9e comme l\u2019une des meilleures de Netflix, va prochainement faire son retour sur la plateforme.&hellip;\n","protected":false},"author":2,"featured_media":332718,"comment_status":"","ping_status":"","sticky":false,"template":"","format":"standard","meta":{"footnotes":""},"categories":[1356],"tags":[244,58,59,1011,27,46998,127,1722,46997,1721,129,252,1364],"class_list":{"0":"post-332717","1":"post","2":"type-post","3":"status-publish","4":"format-standard","5":"has-post-thumbnail","7":"category-television","8":"tag-commentaire","9":"tag-divertissement","10":"tag-entertainment","11":"tag-fr","12":"tag-france","13":"tag-keri-russell","14":"tag-netflix","15":"tag-pub-streaming-netflix","16":"tag-rufus-sewell","17":"tag-su00e9rie-netflix","18":"tag-svod","19":"tag-television","20":"tag-tv"},"share_on_mastodon":{"url":"https:\/\/pubeurope.com\/@fr\/115063849461672496","error":""},"_links":{"self":[{"href":"https:\/\/www.europesays.com\/fr\/wp-json\/wp\/v2\/posts\/332717","targetHints":{"allow":["GET"]}}],"collection":[{"href":"https:\/\/www.europesays.com\/fr\/wp-json\/wp\/v2\/posts"}],"about":[{"href":"https:\/\/www.europesays.com\/fr\/wp-json\/wp\/v2\/types\/post"}],"author":[{"embeddable":true,"href":"https:\/\/www.europesays.com\/fr\/wp-json\/wp\/v2\/users\/2"}],"replies":[{"embeddable":true,"href":"https:\/\/www.europesays.com\/fr\/wp-json\/wp\/v2\/comments?post=332717"}],"version-history":[{"count":0,"href":"https:\/\/www.europesays.com\/fr\/wp-json\/wp\/v2\/posts\/332717\/revisions"}],"wp:featuredmedia":[{"embeddable":true,"href":"https:\/\/www.europesays.com\/fr\/wp-json\/wp\/v2\/media\/332718"}],"wp:attachment":[{"href":"https:\/\/www.europesays.com\/fr\/wp-json\/wp\/v2\/media?parent=332717"}],"wp:term":[{"taxonomy":"category","embeddable":true,"href":"https:\/\/www.europesays.com\/fr\/wp-json\/wp\/v2\/categories?post=332717"},{"taxonomy":"post_tag","embeddable":true,"href":"https:\/\/www.europesays.com\/fr\/wp-json\/wp\/v2\/tags?post=332717"}],"curies":[{"name":"wp","href":"https:\/\/api.w.org\/{rel}","templated":true}]}}