{"id":332719,"date":"2025-08-21T00:09:11","date_gmt":"2025-08-21T00:09:11","guid":{"rendered":"https:\/\/www.europesays.com\/fr\/332719\/"},"modified":"2025-08-21T00:09:11","modified_gmt":"2025-08-21T00:09:11","slug":"jean-luc-lahaye-apres-le-mariage-vacances-idylliques-avec-sa-tres-jeune-epouse","status":"publish","type":"post","link":"https:\/\/www.europesays.com\/fr\/332719\/","title":{"rendered":"Jean-Luc Lahaye : apr\u00e8s le mariage, vacances idylliques avec sa tr\u00e8s jeune \u00e9pouse"},"content":{"rendered":"<p>Visage embl\u00e9matique des ann\u00e9es 80. <a href=\"https:\/\/www.closermag.fr\/people\/jean-luc-lahaye-le-quartier-des-vulnerables-le-chanteur-revient-sur-son-passage-en-prison-3567328\" target=\"_blank\" rel=\"noopener\"><br \/>\nJean-Luc Lahaye<\/a> avait \u00e9pous\u00e9 <a href=\"https:\/\/www.closermag.fr\/people\/jean-luc-lahaye-qui-est-aurelie-son-ex-femme-et-mere-de-ses-filles-1435784\" target=\"_blank\" rel=\"noopener\"><br \/>\nAur\u00e9lie<\/a> en premi\u00e8res noces. Ensemble, ils ont fond\u00e9 une famille<br \/>\nen donnant naissance \u00e0 deux filles : <a href=\"https:\/\/www.closermag.fr\/people\/affaire-jean-luc-lahaye-rebondissement-en-defaveur-de-sa-fille-margaux-1495837\" target=\"_blank\" rel=\"noopener\"><br \/>\nMargaux<\/a> (41 ans) et <a href=\"https:\/\/www.closermag.fr\/people\/jean-luc-lahaye-qui-sont-ses-deux-filles-gloria-et-margaux-1435656\" target=\"_blank\" rel=\"noopener\"><br \/>\nGloria<\/a> (39 ans). Divorc\u00e9 de la m\u00e8re de ses enfants. Le chanteur<br \/>\ns&rsquo;est de nouveau mari\u00e9 avec sa nouvelle compagne Paola, <strong>de<br \/>\n41 ans sa cadette,<\/strong> le 2 juillet 2025. Leur union a pris<br \/>\nplace au sein de la mairie du 18e arrondissement de Paris.<\/p>\n<p>Le chanteur de 72 ans s&rsquo;\u00e9tait justement confi\u00e9 \u00e0 ce sujet aupr\u00e8s<br \/>\ndu\u00a0<a class=\"xXx\" href=\"https:\/\/www.leparisien.fr\/culture-loisirs\/musique\/aucun-collectif-feministe-ne-marretera-mis-en-examen-pour-viols-jean-luc-lahaye-sexprime-pour-la-premiere-fois-27-07-2025-WGQANRMWH5CCBMISH6VVZ65J7M.php\" target=\"_blank\" rel=\"noopener\">Parisien<\/a>.<br \/>\n\u00ab\u00a0<strong>Notre mariage s\u2019est pass\u00e9 dans la joie<\/strong> et<br \/>\ndans l\u2019amour avec nos familles et amis. Mon ex-compagne Vanessa,<br \/>\navec qui j\u2019ai v\u00e9cu vingt ans et qui est tr\u00e8s amie avec Paola, \u00e9tait<br \/>\nmon t\u00e9moin. Je regrette juste que l\u2019\u00e9lu qui nous a mari\u00e9s nous ait<br \/>\nexp\u00e9di\u00e9s en cinq minutes montre en main \u00e0 la mairie du 18e<br \/>\narrondissement de Paris\u00a0\u00bb, avait premi\u00e8rement d\u00e9clar\u00e9 Jean-Luc<br \/>\nLahaye.<\/p>\n<p>Jean-Luc Lahaye : \u00ab\u00a0Le maire m\u2019avait d\u00e9j\u00e0 interdit de me<br \/>\nproduire gracieusement pour une association caritative dans une<br \/>\nsalle municipale\u00a0\u00bb<\/p>\n<p>\u00ab\u00a0Le maire \u00c9ric Lejoindre, m\u2019avait d\u00e9j\u00e0 interdit en juin de<br \/>\nme produire gracieusement pour une association caritative dans une<br \/>\nsalle municipale\u2026 Je vis dans ce quartier depuis 1975. <strong>Il<br \/>\nn\u2019\u00e9tait certainement pas encore n\u00e9<\/strong>. Mais il a c\u00e9d\u00e9 \u00e0 la<br \/>\npression de la pr\u00e9sidente de l\u2019association La Voix de l\u2019enfant qui<br \/>\nlui a \u00e9crit un courrier\u00a0\u00bb, avait ensuite ajout\u00e9 le chanteur.<br \/>\nDepuis, Jean-Luc Lahaye et sa nouvelle femme ont profit\u00e9 de la<br \/>\np\u00e9riode estivale pour passer quelques jours au soleil.<\/p>\n<p>En effet, un mois et demi apr\u00e8s leur mariage, le chanteur et sa<br \/>\nnouvelle \u00e9pouse semblent <strong>couler des jours heureux dans un<br \/>\ncadre idyllique.<\/strong> C&rsquo;est en tout cas ce que laisse penser la<br \/>\nderni\u00e8re photo publi\u00e9e par Jean-Luc Lahaye dans la story de son<br \/>\ncompte Instagram. Le dimanche 10 ao\u00fbt 2025, le musicien a post\u00e9 un<br \/>\nclich\u00e9 dans lequel il enlace celle qui partage d\u00e9sormais sa<br \/>\nvie.<\/p>\n<p>Toujours mis en examen, le chanteur a<br \/>\nd\u00e9j\u00e0 \u00e9t\u00e9 condamn\u00e9 \u00e0 deux reprises par la justice<\/p>\n<p>Pour rappel, Jean-Luc Lahaye avait<br \/>\npr\u00e9c\u00e9demment \u00e9t\u00e9 condamn\u00e9 \u00e0 un an d\u2019emprisonnement avec sursis le<br \/>\n18 mai 2015. <strong>Pour des faits corruption de mineure de moins<br \/>\nde 15 ans<\/strong>. Le musicien avait \u00e9galement \u00e9t\u00e9 condamn\u00e9<br \/>\nquelques ann\u00e9es plus t\u00f4t \u00e0 10.000 euros d\u2019amende pour des relations<br \/>\nsexuelles avec une mineure de 15 ans.<\/p>\n","protected":false},"excerpt":{"rendered":"Visage embl\u00e9matique des ann\u00e9es 80. Jean-Luc Lahaye avait \u00e9pous\u00e9 Aur\u00e9lie en premi\u00e8res noces. Ensemble, ils ont fond\u00e9 une&hellip;\n","protected":false},"author":2,"featured_media":332720,"comment_status":"","ping_status":"","sticky":false,"template":"","format":"standard","meta":{"footnotes":""},"categories":[1355],"tags":[548,58,59,1011,27,9415,1361,873],"class_list":{"0":"post-332719","1":"post","2":"type-post","3":"status-publish","4":"format-standard","5":"has-post-thumbnail","7":"category-musique","8":"tag-article-simple","9":"tag-divertissement","10":"tag-entertainment","11":"tag-fr","12":"tag-france","13":"tag-jean-luc-lahaye","14":"tag-music","15":"tag-musique"},"share_on_mastodon":{"url":"https:\/\/pubeurope.com\/@fr\/115063853268781776","error":""},"_links":{"self":[{"href":"https:\/\/www.europesays.com\/fr\/wp-json\/wp\/v2\/posts\/332719","targetHints":{"allow":["GET"]}}],"collection":[{"href":"https:\/\/www.europesays.com\/fr\/wp-json\/wp\/v2\/posts"}],"about":[{"href":"https:\/\/www.europesays.com\/fr\/wp-json\/wp\/v2\/types\/post"}],"author":[{"embeddable":true,"href":"https:\/\/www.europesays.com\/fr\/wp-json\/wp\/v2\/users\/2"}],"replies":[{"embeddable":true,"href":"https:\/\/www.europesays.com\/fr\/wp-json\/wp\/v2\/comments?post=332719"}],"version-history":[{"count":0,"href":"https:\/\/www.europesays.com\/fr\/wp-json\/wp\/v2\/posts\/332719\/revisions"}],"wp:featuredmedia":[{"embeddable":true,"href":"https:\/\/www.europesays.com\/fr\/wp-json\/wp\/v2\/media\/332720"}],"wp:attachment":[{"href":"https:\/\/www.europesays.com\/fr\/wp-json\/wp\/v2\/media?parent=332719"}],"wp:term":[{"taxonomy":"category","embeddable":true,"href":"https:\/\/www.europesays.com\/fr\/wp-json\/wp\/v2\/categories?post=332719"},{"taxonomy":"post_tag","embeddable":true,"href":"https:\/\/www.europesays.com\/fr\/wp-json\/wp\/v2\/tags?post=332719"}],"curies":[{"name":"wp","href":"https:\/\/api.w.org\/{rel}","templated":true}]}}