{"id":332721,"date":"2025-08-21T00:10:15","date_gmt":"2025-08-21T00:10:15","guid":{"rendered":"https:\/\/www.europesays.com\/fr\/332721\/"},"modified":"2025-08-21T00:10:15","modified_gmt":"2025-08-21T00:10:15","slug":"spider-man-brand-new-day-tramell-tillman-rejoint-le-casting-du-film","status":"publish","type":"post","link":"https:\/\/www.europesays.com\/fr\/332721\/","title":{"rendered":"Spider-Man \u2013 Brand New Day : Tramell Tillman rejoint le casting du film !"},"content":{"rendered":"<p><a href=\"https:\/\/www.europesays.com\/fr\/wp-content\/uploads\/2025\/06\/spider-man-brand-new-day-news-actu-calendrier.jpg\"><img loading=\"lazy\" decoding=\"async\" src=\"https:\/\/www.europesays.com\/fr\/wp-content\/uploads\/2025\/06\/spider-man-brand-new-day-news-actu-calendrier.jpg\" alt=\"\" width=\"696\" height=\"232\" class=\"aligncenter size-medium wp-image-278322\"  \/><\/a><\/p>\n<p style=\"text-align: justify;\">Du Hulk, du Punisher, du super-vilain secondaire, plusieurs nouveaux acteurs, sans compter l\u2019entourage historique de Peter Parker\u2026 avec un tel casting pl\u00e9thorique, on se croirait presque dans Superman ! Ainsi, Variety nous apprend que Tramell Tillman (Severance, Mission : Impossible \u2013 The Final Reckoning) vient de rejoindre la distribution de <strong>Spider-Man : Brand New Day<\/strong> dans un r\u00f4le myst\u00e9rieusement myst\u00e9rieux. En attendant d\u2019\u00e9ventuelles photos de tournage r\u00e9v\u00e9latrices, on ne peut qu\u2019avancer des hypoth\u00e8ses : Robbie Robertson du Daily Bugle ? Tombstone ? Ou carr\u00e9ment Norman Osborn ? A vos th\u00e9ories !<\/p>\n<p style=\"text-align: justify;\">[<a href=\"https:\/\/amzn.to\/3izq30s\" rel=\"noopener noreferrer nofollow\" target=\"_blank\">Synopsis extrait des comics<\/a>] Une nouvelle \u00e8re commence pour Spider-Man, avec de nouveaux amis et surtout de nouveaux ennemis ! D\u2019ailleurs qui sont Mister Negative et Paper Doll ? Sinon, Peter Parker peut-il accepter de devenir un paparazzi ?! En plus : le retour de Venom et la naissance d\u2019Anti-Venom ! Avant de reprendre seul les r\u00eanes de la s\u00e9rie Amazing Spider-Man \u00e0 l\u2019occasion de la saga Big Time (puis Spider-Island, Spider-Verse, Superior Spider-Man\u2026), Dan Slott faisait partie d\u2019une \u00e9quipe d\u2019auteurs avec Bob Gale et Mark Guggenheim, qui travaillait par intermittence sur l\u2019ic\u00f4ne Marvel.<\/p>\n<blockquote class=\"twitter-tweet\">\n<p lang=\"en\" dir=\"ltr\">Tramell Tillman Joins &lsquo;Spider-Man: Brand New Day&rsquo; (EXCLUSIVE) <a href=\"https:\/\/t.co\/5I9K5yWwM0\" rel=\"nofollow\">https:\/\/t.co\/5I9K5yWwM0<\/a><\/p>\n<p>\u2014 Variety (@Variety) <a href=\"https:\/\/twitter.com\/Variety\/status\/1958272853041619353?ref_src=twsrc%5Etfw\" rel=\"nofollow noopener\" target=\"_blank\">August 20, 2025<\/a><\/p>\n<\/blockquote>\n<p style=\"text-align: center;\">\ufe61\ufe61\ufe61\ufe61\ufe61<\/p>\n<p><a href=\"http:\/\/lestoilesheroiques.fr\/2021\/03\/chronologie-comics-spider-man-ordre-de-lecture-guide-liste.html\" rel=\"nofollow noopener\" target=\"_blank\"><img loading=\"lazy\" decoding=\"async\" class=\"aligncenter size-full wp-image-203493\" src=\"https:\/\/www.europesays.com\/fr\/wp-content\/uploads\/2025\/05\/chronologie-comics-spider-man.jpg\" alt=\"\" width=\"300\" height=\"120\"\/><\/a><\/p>\n<p style=\"text-align: center;\">\ufe61\ufe61\ufe61\ufe61\ufe61<\/p>\n<p style=\"text-align: justify;\"><strong>Spider-Man : Brand New Day<\/strong> est r\u00e9alis\u00e9 par <strong>Destin Daniel Cretton<\/strong> et sort en France le 29 juillet 2026, avec <strong>Tom Holland<\/strong> (Peter Parker\/Spider-Man), <strong>Zendaya<\/strong> (Michelle Jones), <strong>Mark Ruffalo<\/strong> (Bruce Banner\/Hulk), <strong>Jon Bernthal<\/strong> (Frank Castle\/The Punisher), <strong>Michael Mando<\/strong> (Mac Gargan\/Scorpion), <strong>Sadie Sink<\/strong> et <strong>Liza Col\u00f3n-Zayas<\/strong>.<\/p>\n<p><a href=\"https:\/\/amzn.to\/3JypO3L\" target=\"_blank\" rel=\"noopener noreferrer nofollow\"><img loading=\"lazy\" decoding=\"async\" class=\"aligncenter size-medium wp-image-200788\" src=\"https:\/\/www.europesays.com\/fr\/wp-content\/uploads\/2025\/05\/1747098672_910_rappelll.jpg\" alt=\"\" width=\"696\" height=\"73\"\/><\/a><\/p>\n<p>        <script async src=\"https:\/\/platform.twitter.com\/widgets.js\" charset=\"utf-8\"><\/script><\/p>\n","protected":false},"excerpt":{"rendered":"Du Hulk, du Punisher, du super-vilain secondaire, plusieurs nouveaux acteurs, sans compter l\u2019entourage historique de Peter Parker\u2026 avec&hellip;\n","protected":false},"author":2,"featured_media":332722,"comment_status":"","ping_status":"","sticky":false,"template":"","format":"standard","meta":{"footnotes":""},"categories":[1354],"tags":[58,59,1346,1011,27,1360],"class_list":{"0":"post-332721","1":"post","2":"type-post","3":"status-publish","4":"format-standard","5":"has-post-thumbnail","7":"category-films","8":"tag-divertissement","9":"tag-entertainment","10":"tag-films","11":"tag-fr","12":"tag-france","13":"tag-movies"},"share_on_mastodon":{"url":"https:\/\/pubeurope.com\/@fr\/115063857535229610","error":""},"_links":{"self":[{"href":"https:\/\/www.europesays.com\/fr\/wp-json\/wp\/v2\/posts\/332721","targetHints":{"allow":["GET"]}}],"collection":[{"href":"https:\/\/www.europesays.com\/fr\/wp-json\/wp\/v2\/posts"}],"about":[{"href":"https:\/\/www.europesays.com\/fr\/wp-json\/wp\/v2\/types\/post"}],"author":[{"embeddable":true,"href":"https:\/\/www.europesays.com\/fr\/wp-json\/wp\/v2\/users\/2"}],"replies":[{"embeddable":true,"href":"https:\/\/www.europesays.com\/fr\/wp-json\/wp\/v2\/comments?post=332721"}],"version-history":[{"count":0,"href":"https:\/\/www.europesays.com\/fr\/wp-json\/wp\/v2\/posts\/332721\/revisions"}],"wp:featuredmedia":[{"embeddable":true,"href":"https:\/\/www.europesays.com\/fr\/wp-json\/wp\/v2\/media\/332722"}],"wp:attachment":[{"href":"https:\/\/www.europesays.com\/fr\/wp-json\/wp\/v2\/media?parent=332721"}],"wp:term":[{"taxonomy":"category","embeddable":true,"href":"https:\/\/www.europesays.com\/fr\/wp-json\/wp\/v2\/categories?post=332721"},{"taxonomy":"post_tag","embeddable":true,"href":"https:\/\/www.europesays.com\/fr\/wp-json\/wp\/v2\/tags?post=332721"}],"curies":[{"name":"wp","href":"https:\/\/api.w.org\/{rel}","templated":true}]}}