{"id":332725,"date":"2025-08-21T00:13:12","date_gmt":"2025-08-21T00:13:12","guid":{"rendered":"https:\/\/www.europesays.com\/fr\/332725\/"},"modified":"2025-08-21T00:13:12","modified_gmt":"2025-08-21T00:13:12","slug":"nathan-devers-et-paul-melun-editorialistes-sur-cnews-debarquent-sur-franceinfo","status":"publish","type":"post","link":"https:\/\/www.europesays.com\/fr\/332725\/","title":{"rendered":"Nathan Devers et Paul Melun, \u00e9ditorialistes sur CNews d\u00e9barquent sur\u2026 franceinfo"},"content":{"rendered":"<p>        <img decoding=\"async\" loading=\"lazy\" src=\"https:\/\/www.europesays.com\/fr\/wp-content\/uploads\/2025\/08\/03ef308_upload-1-0tscusyrj7xa-design-sans-titre-23.jpg\"  width=\"728\" height=\"410\" alt=\"Habitu\u00e9s aux plateaux de CNews durant quatre saisons, les deux hommes s\u2019offrent une premi\u00e8re \u00e9mission de d\u00e9bat qui sera diffus\u00e9e du vendredi au dimanche sur franceinfo.\"\/>  <\/p>\n<p>Capture d\u2019\u00e9cran CNews<\/p>\n<p>Habitu\u00e9s aux plateaux de CNews durant quatre saisons, les deux hommes s\u2019offrent une premi\u00e8re \u00e9mission de d\u00e9bat qui sera diffus\u00e9e du vendredi au dimanche sur franceinfo.<\/p>\n<p class=\"asset asset-text\">M\u00c9DIAS &#8211; L\u2019annonce a de quoi faire lever un sourcil\u2026 voire deux. Pr\u00e9sent\u00e9s comme des \u00e9crivains et chroniqueurs, Nathan Devers et Paul Melun vont changer de cha\u00eene pour cette rentr\u00e9e m\u00e9diatique puisque les deux hommes, \u00e9ditorialistes sur <a href=\"https:\/\/www.huffingtonpost.fr\/medias\/article\/cnews-et-lci-sont-les-grands-gagnants-de-la-nouvelle-numerotation-de-la-tnt-bfmtv-et-franceinfo-a-la-traine_252035.html\" target=\"_blank\" rel=\"noopener\">l\u2019antenne de CNews<\/a> depuis quatre saisons vont rejoindre le service public.<\/p>\n<p class=\"asset asset-text\">Comme le d\u00e9voile le bin\u00f4me pas franchement connu du grand public dans les colonnes du <a href=\"https:\/\/www.leparisien.fr\/culture-loisirs\/tv\/nous-cherchons-avant-tout-la-verite-apres-cnews-nathan-devers-et-paul-melun-debattront-sur-franceinfo-20-08-2025-QUKGNGKJFFD3TFAHB7OIIB3WC4.php\" target=\"_blank\" rel=\"noopener\" title=\"Nouvelle fen\u00eatre\">Parisien<\/a> ce mercredi 20\u00a0ao\u00fbt, ils officieront ensemble sur franceinfo \u00e0 partir du vendredi 29\u00a0ao\u00fbt pour une \u00e9mission baptis\u00e9e Le pour et le contre. Ce nouveau rendez-vous sur le canal 16\u00a0de la TNT sera \u00e0 l\u2019antenne du vendredi au dimanche soir entre 22\u00a0heures et 23\u00a0heures.<\/p>\n<p class=\"asset asset-text\">Et comme son nom l\u2019indique, leur \u00e9mission offrira un nouvel espace de d\u00e9bat sur la cha\u00eene, o\u00f9 sera \u00e9galement pr\u00e9sente Claire-Elisabeth Beaufort, journaliste et r\u00e9dactrice en chef adjointe chez France T\u00e9l\u00e9visions. Aupr\u00e8s du journal, Nathan Devers, philosophe de 27\u00a0ans proche de Bernard-Henri L\u00e9vy qui <a href=\"https:\/\/www.nouvelobs.com\/bibliobs\/20240317.OBS85858\/de-bhl-a-cnews-le-grand-ecart-de-nathan-devers.html\" target=\"_blank\" rel=\"noopener\" title=\"Nouvelle fen\u00eatre\">se r\u00e9clame d\u2019une gauche sociale et libertaire<\/a>, explique que leur mission sera de \u00ab\u00a0servir la belle et noble\u00a0id\u00e9e du d\u00e9bat public\u00a0qui est le fondement d\u2019une d\u00e9mocratie et de la soci\u00e9t\u00e9 fran\u00e7aise\u00a0\u00bb.<\/p>\n<p class=\"asset asset-text\">Mais encore\u00a0? \u00ab\u00a0On vit dans une \u00e9poque passionnante et on veut la questionner dans une logique o\u00f9 diff\u00e9rentes voix construisent un dialogue f\u00e9cond\u00a0\u00bb, promettent les deux jeunes auteurs. Il faut dire que leur pass\u00e9 commun \u00e0 la t\u00e9l\u00e9vision n\u2019a pas grand-chose \u00e0 voir avec franceinfo\u00a0: un passage de quatre ans dans <a href=\"https:\/\/www.huffingtonpost.fr\/divertissement\/article\/l-heure-des-pros-de-pascal-praud-plongee-dans-le-noir-en-plein-direct-sur-cnews-et-europe-1_243841.html\" target=\"_blank\" rel=\"noopener\">L\u2019heure des pros de Pascal Praud<\/a> sur la cha\u00eene d\u2019information en continu de <a href=\"https:\/\/www.huffingtonpost.fr\/politique\/article\/l-elysee-dement-ces-propos-rapportes-par-le-jdd-en-plein-virage-pro-russe-des-medias-bollore_247211.html\" target=\"_blank\" rel=\"noopener\">Vincent Bollor\u00e9<\/a> qui ne plaide pas franchement en leur faveur.<\/p>\n<p>                     \u00ab\u00a0On avait envie de penser les choses autrement\u00a0\u00bb    <\/p>\n<p class=\"asset asset-text\">Malgr\u00e9 leur pass\u00e9 commun sur cette cha\u00eene r\u00e9guli\u00e8rement accus\u00e9e de v\u00e9hiculer des id\u00e9es d\u2019extr\u00eame droite, ils promettent une \u00e9mission sans clash, lors de laquelle ils aborderont dans un premier temps des th\u00e8mes en lien avec l\u2019actualit\u00e9 de la semaine. Dans une seconde partie, les deux jeunes chroniqueurs recevront un ou plusieurs invit\u00e9s dans une s\u00e9quence d\u00e9crite comme \u00ab\u00a0un carrefour o\u00f9 l\u2019on d\u00e9cryptera l\u2019actualit\u00e9 \u00e0 travers le regard d\u2019artistes, d\u2019historiens, de philosophes, de diplomates ou d\u2019\u00e9crivains\u2026 Ce ne sera pas une interview mais bien une conversation, un \u00e9change d\u2019id\u00e9es\u00a0\u00bb.<\/p>\n<p class=\"asset asset-text\">\u00ab\u00a0Le d\u00e9bat n\u2019est pas un combat\u00a0\u00bb, avancent-ils pour promouvoir Le pour et le contre, mais aussi pour se d\u00e9tacher de l\u2019image des d\u00e9bats sur CNews. Et que les habitu\u00e9s du service public se rassurent, ils comptent aussi coller \u00e0 l\u2019ADN \u00ab\u00a0plurith\u00e9matique\u00a0\u00bb de franceinfo. Ils louent d\u2019ailleurs \u00ab\u00a0une cha\u00eene qui ne priorise pas une probl\u00e9matique par rapport aux autres\u00a0\u00bb, comme le remarque Nathan Devers.<\/p>\n<p class=\"asset asset-text\">\u00ab\u00a0Avec Nathan, nous avons beaucoup de d\u00e9saccords. On va les assumer ici\u00a0: le d\u00e9bat passe par des faits, des informations, pas par des opinions\u00a0\u00bb, abonde Paul Melun, 30\u00a0ans, qui <a href=\"https:\/\/www.ouest-france.fr\/nouvelle-aquitaine\/deux-sevres\/pour-lessayiste-paul-melun-ce-village-des-deux-sevres-est-la-france-en-miniature-5a149096-fc92-11ed-a566-f1d38034d197\" target=\"_blank\" rel=\"noopener\" title=\"Nouvelle fen\u00eatre\">se pr\u00e9sente, lui, comme \u00ab\u00a0souverainiste de gauche, gaulliste de gauche\u00a0\u00bb<\/a> ou encore \u00ab\u00a0socialiste vintage\u00a0\u00bb apr\u00e8s un passage par le Parti socialiste. Il ajoute\u00a0: \u00ab\u00a0On peut sembler radicaux sur certaines positions mais nous cherchons avant tout la v\u00e9rit\u00e9, m\u00eame si \u00e7a suppose d\u2019\u00e9voluer, de r\u00e9fl\u00e9chir et de se questionner en direct\u00a0\u00bb. Pas grand-chose \u00e0 voir, donc, avec la manipulation des faits r\u00e9guli\u00e8rement \u00e0 l\u2019\u0153uvre sur CNews \u2212 <a href=\"https:\/\/www.huffingtonpost.fr\/medias\/article\/cnews-ecope-d-une-amende-pour-avoir-assimile-l-avortement-a-une-cause-de-mortalite_242265.html\" target=\"_blank\" rel=\"noopener\" title=\"Nouvelle fen\u00eatre\">cha\u00eene souvent \u00e9pingl\u00e9e par l\u2019Arcom pour sa gestion de l\u2019antenne<\/a> \u2212 par le biais de propos climatosceptiques ou anti-LGBT.<\/p>\n<p class=\"asset asset-text\">Mais comment passe-t-on de CNews \u00e0 franceinfo aussi rapidement\u00a0? \u00ab\u00a0Apr\u00e8s quatre saisons sur CNews et d\u2019autres cha\u00eenes, on avait envie de penser les choses autrement\u00a0\u00bb, expliquent-ils au journal, bien conscient de se lancer dans un \u00ab\u00a0projet\u00a0\u00bb qui \u00ab\u00a0n\u2019a rien \u00e0 voir\u00a0\u00bb. Reste \u00e0 savoir s\u2019ils convaincront facilement les t\u00e9l\u00e9spectateurs du service public, pas vraiment habitu\u00e9s au ton CNews sur les antennes de franceinfo.<\/p>\n","protected":false},"excerpt":{"rendered":"Capture d\u2019\u00e9cran CNews Habitu\u00e9s aux plateaux de CNews durant quatre saisons, les deux hommes s\u2019offrent une premi\u00e8re \u00e9mission&hellip;\n","protected":false},"author":2,"featured_media":332726,"comment_status":"","ping_status":"","sticky":false,"template":"","format":"standard","meta":{"footnotes":""},"categories":[8],"tags":[9722,251,58,59,1011,27,2400,500,316,17311],"class_list":{"0":"post-332725","1":"post","2":"type-post","3":"status-publish","4":"format-standard","5":"has-post-thumbnail","7":"category-divertissement","8":"tag-cnews","9":"tag-culture","10":"tag-divertissement","11":"tag-entertainment","12":"tag-fr","13":"tag-france","14":"tag-france-televisions","15":"tag-medias","16":"tag-politique","17":"tag-service-public"},"share_on_mastodon":{"url":"https:\/\/pubeurope.com\/@fr\/115063869136330668","error":""},"_links":{"self":[{"href":"https:\/\/www.europesays.com\/fr\/wp-json\/wp\/v2\/posts\/332725","targetHints":{"allow":["GET"]}}],"collection":[{"href":"https:\/\/www.europesays.com\/fr\/wp-json\/wp\/v2\/posts"}],"about":[{"href":"https:\/\/www.europesays.com\/fr\/wp-json\/wp\/v2\/types\/post"}],"author":[{"embeddable":true,"href":"https:\/\/www.europesays.com\/fr\/wp-json\/wp\/v2\/users\/2"}],"replies":[{"embeddable":true,"href":"https:\/\/www.europesays.com\/fr\/wp-json\/wp\/v2\/comments?post=332725"}],"version-history":[{"count":0,"href":"https:\/\/www.europesays.com\/fr\/wp-json\/wp\/v2\/posts\/332725\/revisions"}],"wp:featuredmedia":[{"embeddable":true,"href":"https:\/\/www.europesays.com\/fr\/wp-json\/wp\/v2\/media\/332726"}],"wp:attachment":[{"href":"https:\/\/www.europesays.com\/fr\/wp-json\/wp\/v2\/media?parent=332725"}],"wp:term":[{"taxonomy":"category","embeddable":true,"href":"https:\/\/www.europesays.com\/fr\/wp-json\/wp\/v2\/categories?post=332725"},{"taxonomy":"post_tag","embeddable":true,"href":"https:\/\/www.europesays.com\/fr\/wp-json\/wp\/v2\/tags?post=332725"}],"curies":[{"name":"wp","href":"https:\/\/api.w.org\/{rel}","templated":true}]}}