{"id":332727,"date":"2025-08-21T00:14:11","date_gmt":"2025-08-21T00:14:11","guid":{"rendered":"https:\/\/www.europesays.com\/fr\/332727\/"},"modified":"2025-08-21T00:14:11","modified_gmt":"2025-08-21T00:14:11","slug":"alors-que-leurope-la-impose-lusb-c-pourrait-disparaitre-de-nos-smartphones","status":"publish","type":"post","link":"https:\/\/www.europesays.com\/fr\/332727\/","title":{"rendered":"Alors que l\u2019Europe l\u2019a impos\u00e9, l\u2019USB-C pourrait dispara\u00eetre de nos smartphones"},"content":{"rendered":"<p class=\"ed__a-p ed__bdy__l\"><img loading=\"lazy\" decoding=\"async\" src=\"data:image\/svg+xml,%3Csvg xmlns='http:\/\/www.w3.org\/2000\/svg'%3E%3C\/svg%3E\" draggable=\"false\" width=\"2121\" height=\"1414\" class=\"ed__title-xxs\" alt=\"Un cable USB-C en gros plan\" style=\"background-color: #f2f2f2; aspect-ratio:2121\/1414;\"\/><\/p>\n<p>La fin du USB-C d\u00e9j\u00e0 envisag\u00e9<\/p>\n<p>\u00a9 Les Num\u00e9riques<\/p>\n<\/p>\n<p class=\"ed__a-p ed__bdy__l\">Depuis fin 2024,<a href=\"https:\/\/www.lesnumeriques.com\/pro\/le-parlement-europeen-impose-un-chargeur-universel-pour-tous-les-smartphones-d-ici-l-automne-2024-n193083.html\" title=\"Le Parlement europ\u00e9en impose un chargeur universel pour tous les smartphones d\u2019ici l\u2019automne 2024\" target=\"_blank\" rel=\"noopener\">l\u2019Europe a impos\u00e9 un chargeur universel<\/a> sur tous les appareils en circulation, peu importe la marque. Souris, liseuses, ordinateurs et \u00e9videmment smartphones ont \u00e9t\u00e9 forc\u00e9s de faire \u00e9voluer leurs mod\u00e8les, et, pour certains, comme Apple, de dire au revoir \u00e0 leur recharge propri\u00e9taire (le Lightning). L\u2019objectif : \u00e9viter 11\u2009000 tonnes de d\u00e9chets \u00e9lectroniques chaque ann\u00e9e, selon la Commission europ\u00e9enne. Pourtant, \u00e0 peine install\u00e9, il pourrait dispara\u00eetre.<\/p>\n<p>            Publicit\u00e9, votre contenu continue ci-dessous<\/p>\n<p>        Publicit\u00e9<\/p>\n<p>La fin du USB-C pourtant impos\u00e9 ?<\/p>\n<p class=\"ed__a-p ed__bdy__l\">Selon Hope Cao, responsable de la conception syst\u00e8me chez Honor,<a href=\"https:\/\/www.lesnumeriques.com\/intra-ecouteur-true-wireless\/airpods-pro-2-apple-permet-de-passer-du-port-lightning-a-l-usb-c-pour-109-euros-n216541.html\" title=\"AirPods Pro 2 : Apple permet de passer du port Lightning \u00e0 l\u2019USB-C\u2026 pour 109 euros\" target=\"_blank\" rel=\"noopener\">l\u2019USB-C va dispara\u00eetre des smartphones<\/a>, a-t-elle expliqu\u00e9 en interview avec le m\u00e9dia Frandroid. Lors du lancement europ\u00e9en du Magic V5, il a \u00e9voqu\u00e9 un avenir o\u00f9 cette technologie ne serait plus sur nos appareils \u00e0 cause de la g\u00e9n\u00e9ralisation d\u2019un rechargement sans fil.<\/p>\n<blockquote class=\"ed__a-bq ed__bdy__l\">\n<p>Une fois que l\u2019exp\u00e9rience globale de charge sans fil pourra vraiment \u00e9galer, voire d\u00e9passer, celle de la charge filaire, nous pensons qu\u2019un remplacement complet pourrait devenir une r\u00e9alit\u00e9.\u2009<\/p>\n<p> Hope Cao, responsable de la conception syst\u00e8me chez Honor<\/p><\/blockquote>\n<p class=\"ed__a-p ed__bdy__l\">Selon l\u2019experte d\u2019Honor, le vrai frein n\u2019est pas la technologie elle-m\u00eame, mais l\u2019usage. Autrement dit, la recharge sans fil et ultrarapide existe d\u00e9j\u00e0, mais ce qui compte, c\u2019est que les gens trouvent \u00e7a pratique et commencent \u00e0 l\u2019adopter. En Chine, cette adoption est favoris\u00e9e par l\u2019habitude prise <a href=\"https:\/\/www.lesnumeriques.com\/voiture\/un-nouveau-standard-pour-la-recharge-sans-fil-des-voitures-electriques-n156181.html\" title=\"Un nouveau standard pour la recharge sans fil des voitures \u00e9lectriques\" target=\"_blank\" rel=\"noopener\">avec les voitures \u00e9lectriques<\/a>, qui int\u00e8grent de plus en plus ces syst\u00e8mes.<\/p>\n<p class=\"ed__a-p ed__bdy__l\"><img loading=\"lazy\" decoding=\"async\" src=\"data:image\/svg+xml,%3Csvg xmlns='http:\/\/www.w3.org\/2000\/svg'%3E%3C\/svg%3E\" draggable=\"false\" width=\"9504\" height=\"6336\" class=\"ed__title-xxs\" alt=\"femme inconnue mains tenant le t\u00e9l\u00e9phone et le facturer de la banque de puissance\" style=\"background-color: #f2f2f2; aspect-ratio:9504\/6336;\"\/><\/p>\n<p>Le rechargement sans fil remplacera le USB-C ?<\/p>\n<p>\u00a9 Lana Milanovic Shutterstock<\/p>\n<\/p>\n<p class=\"ed__a-p ed__bdy__l\">En tout cas, Hope Cao et Honor ont d\u2019avance fait de cet aspect une priorit\u00e9, mais elle avoue que les technologies ne sont encore pas assez s\u00e9duisantes et efficaces pour les utilisateurs. Pour l\u2019instant, la recharge sans fil ne peut pas se substituer totalement au c\u00e2ble, notamment lorsqu\u2019une alimentation rapide et stable est n\u00e9cessaire. Par ailleurs, elle reste moins pratique sur le plan \u00e9nerg\u00e9tique, g\u00e9n\u00e9rant davantage de pertes que la charge filaire.<\/p>\n<p>Une transition qui s&rsquo;op\u00e8re chez tous les constructeurs<\/p>\n<p class=\"ed__a-p ed__bdy__l\">Du c\u00f4t\u00e9 des autres constructeurs, certains envisagent d\u00e9j\u00e0 un futur sans USB-C. Apple, par exemple, a r\u00e9duit le nombre de ports sur ses MacBook et des rumeurs circulent autour d\u2019un iPhone enti\u00e8rement d\u00e9pourvu de connectique.<\/p>\n<p class=\"ed__a-p ed__bdy__l\">En 2024, environ 31 % des smartphones commercialis\u00e9s dans le monde <a href=\"https:\/\/www.lesnumeriques.com\/telephone-portable\/xiaomi-promet-une-batterie-pleine-en-40-minutes-avec-une-recharge-sans-fil-de-40w-n147771.html\" title=\"Xiaomi promet une batterie pleine en 40 minutes avec une recharge sans fil de 40W\" target=\"_blank\" rel=\"noopener\">sont \u00e9quip\u00e9s de la recharge sans fil<\/a>, selon une analyse d\u2019Electronics For You. Cette adoption devrait cro\u00eetre rapidement, avec des pr\u00e9visions sugg\u00e9rant que pr\u00e8s de 50 % des t\u00e9l\u00e9phones pourraient int\u00e9grer cette fonctionnalit\u00e9 d\u2019ici 2029.<\/p>\n<p>            Publicit\u00e9, votre contenu continue ci-dessous<\/p>\n<p>        Publicit\u00e9<\/p>\n<p class=\"ed__a-p ed__bdy__l\">Envie de faire encore plus d&rsquo;\u00e9conomies ? D\u00e9couvrez <a href=\"https:\/\/www.lesnumeriques.com\/codes-promo.html\" target=\"_blank\" rel=\"noopener\">nos codes promo<\/a> s\u00e9lectionn\u00e9s pour vous.<\/p>\n","protected":false},"excerpt":{"rendered":"La fin du USB-C d\u00e9j\u00e0 envisag\u00e9 \u00a9 Les Num\u00e9riques Depuis fin 2024,l\u2019Europe a impos\u00e9 un chargeur universel sur&hellip;\n","protected":false},"author":2,"featured_media":332728,"comment_status":"","ping_status":"","sticky":false,"template":"","format":"standard","meta":{"footnotes":""},"categories":[7],"tags":[1011,27,43,40,41,39,42,44],"class_list":{"0":"post-332727","1":"post","2":"type-post","3":"status-publish","4":"format-standard","5":"has-post-thumbnail","7":"category-sciences-et-technologies","8":"tag-fr","9":"tag-france","10":"tag-science","11":"tag-science-and-technology","12":"tag-sciences","13":"tag-sciences-et-technologies","14":"tag-technologies","15":"tag-technology"},"share_on_mastodon":{"url":"https:\/\/pubeurope.com\/@fr\/115063872792924924","error":""},"_links":{"self":[{"href":"https:\/\/www.europesays.com\/fr\/wp-json\/wp\/v2\/posts\/332727","targetHints":{"allow":["GET"]}}],"collection":[{"href":"https:\/\/www.europesays.com\/fr\/wp-json\/wp\/v2\/posts"}],"about":[{"href":"https:\/\/www.europesays.com\/fr\/wp-json\/wp\/v2\/types\/post"}],"author":[{"embeddable":true,"href":"https:\/\/www.europesays.com\/fr\/wp-json\/wp\/v2\/users\/2"}],"replies":[{"embeddable":true,"href":"https:\/\/www.europesays.com\/fr\/wp-json\/wp\/v2\/comments?post=332727"}],"version-history":[{"count":0,"href":"https:\/\/www.europesays.com\/fr\/wp-json\/wp\/v2\/posts\/332727\/revisions"}],"wp:featuredmedia":[{"embeddable":true,"href":"https:\/\/www.europesays.com\/fr\/wp-json\/wp\/v2\/media\/332728"}],"wp:attachment":[{"href":"https:\/\/www.europesays.com\/fr\/wp-json\/wp\/v2\/media?parent=332727"}],"wp:term":[{"taxonomy":"category","embeddable":true,"href":"https:\/\/www.europesays.com\/fr\/wp-json\/wp\/v2\/categories?post=332727"},{"taxonomy":"post_tag","embeddable":true,"href":"https:\/\/www.europesays.com\/fr\/wp-json\/wp\/v2\/tags?post=332727"}],"curies":[{"name":"wp","href":"https:\/\/api.w.org\/{rel}","templated":true}]}}