{"id":332735,"date":"2025-08-21T00:18:14","date_gmt":"2025-08-21T00:18:14","guid":{"rendered":"https:\/\/www.europesays.com\/fr\/332735\/"},"modified":"2025-08-21T00:18:14","modified_gmt":"2025-08-21T00:18:14","slug":"nations-unies-sanctions-americaines-contre-la-cour-penale-internationale-20-08-25","status":"publish","type":"post","link":"https:\/\/www.europesays.com\/fr\/332735\/","title":{"rendered":"Nations unies &#8211; Sanctions am\u00e9ricaines contre la Cour p\u00e9nale internationale (20.08.25)"},"content":{"rendered":"<p>La France a pris connaissance avec consternation des nouvelles sanctions am\u00e9ricaines contre la Cour p\u00e9nale internationale \u00e0 l\u2019encontre de quatre de ses magistrats, dont un juge fran\u00e7ais.<\/p>\n<p>La France appelle les \u00c9tats-Unis \u00e0 retirer toutes les sanctions prises sur le fondement du d\u00e9cret pr\u00e9sidentiel du 6 f\u00e9vrier 2025, qui constituent une atteinte envers la Cour et l\u2019ensemble des 125 \u00c9tats parties au Statut de Rome et sont contraires au principe d\u2019ind\u00e9pendance de la justice.<\/p>\n<p>La France exprime sa solidarit\u00e9 \u00e0 l\u2019\u00e9gard des magistrats vis\u00e9s par cette d\u00e9cision, et r\u00e9affirme son soutien sans faille \u00e0 la CPI et \u00e0 ses personnels. Leur r\u00f4le est essentiel dans la lutte contre l\u2019impunit\u00e9. En lien avec ses partenaires europ\u00e9ens et les autres \u00c9tats parties au Statut de Rome, elle se mobilise pour que la Cour soit en mesure de continuer \u00e0 remplir sa mission de mani\u00e8re ind\u00e9pendante et impartiale, afin de rendre justice aux victimes des crimes les plus graves.<\/p>\n","protected":false},"excerpt":{"rendered":"La France a pris connaissance avec consternation des nouvelles sanctions am\u00e9ricaines contre la Cour p\u00e9nale internationale \u00e0 l\u2019encontre&hellip;\n","protected":false},"author":2,"featured_media":332736,"comment_status":"","ping_status":"","sticky":false,"template":"","format":"standard","meta":{"footnotes":""},"categories":[2],"tags":[11,9435,9436,312,1011,27,12,9437],"class_list":{"0":"post-332735","1":"post","2":"type-post","3":"status-publish","4":"format-standard","5":"has-post-thumbnail","7":"category-actualites","8":"tag-actualites","9":"tag-diplomate","10":"tag-diplomates","11":"tag-diplomatie","12":"tag-fr","13":"tag-france","14":"tag-news","15":"tag-quai-d"},"share_on_mastodon":{"url":"https:\/\/pubeurope.com\/@fr\/115063888438465597","error":""},"_links":{"self":[{"href":"https:\/\/www.europesays.com\/fr\/wp-json\/wp\/v2\/posts\/332735","targetHints":{"allow":["GET"]}}],"collection":[{"href":"https:\/\/www.europesays.com\/fr\/wp-json\/wp\/v2\/posts"}],"about":[{"href":"https:\/\/www.europesays.com\/fr\/wp-json\/wp\/v2\/types\/post"}],"author":[{"embeddable":true,"href":"https:\/\/www.europesays.com\/fr\/wp-json\/wp\/v2\/users\/2"}],"replies":[{"embeddable":true,"href":"https:\/\/www.europesays.com\/fr\/wp-json\/wp\/v2\/comments?post=332735"}],"version-history":[{"count":0,"href":"https:\/\/www.europesays.com\/fr\/wp-json\/wp\/v2\/posts\/332735\/revisions"}],"wp:featuredmedia":[{"embeddable":true,"href":"https:\/\/www.europesays.com\/fr\/wp-json\/wp\/v2\/media\/332736"}],"wp:attachment":[{"href":"https:\/\/www.europesays.com\/fr\/wp-json\/wp\/v2\/media?parent=332735"}],"wp:term":[{"taxonomy":"category","embeddable":true,"href":"https:\/\/www.europesays.com\/fr\/wp-json\/wp\/v2\/categories?post=332735"},{"taxonomy":"post_tag","embeddable":true,"href":"https:\/\/www.europesays.com\/fr\/wp-json\/wp\/v2\/tags?post=332735"}],"curies":[{"name":"wp","href":"https:\/\/api.w.org\/{rel}","templated":true}]}}