{"id":332737,"date":"2025-08-21T00:20:11","date_gmt":"2025-08-21T00:20:11","guid":{"rendered":"https:\/\/www.europesays.com\/fr\/332737\/"},"modified":"2025-08-21T00:20:11","modified_gmt":"2025-08-21T00:20:11","slug":"troisieme-succes-en-deux-matches-pour-les-vertes","status":"publish","type":"post","link":"https:\/\/www.europesays.com\/fr\/332737\/","title":{"rendered":"Troisi\u00e8me succ\u00e8s en deux matches pour les Vertes"},"content":{"rendered":"<p>              Le contexte<\/p>\n<p>De retour sur les terrains depuis un mois, les Vertes sont \u00e0 mi-chemin de leur campagne de matches de pr\u00e9paration. Apr\u00e8s un succ\u00e8s contre le Servette Gen\u00e8ve (0-2) et un nul face au Standard de Li\u00e8ge (1-1), les St\u00e9phanoises se frottent \u00e0 Dijon, troisi\u00e8me adversaire des cinq \u00e0 leur programme.<\/p>\n<p>Le XI<\/p>\n<p>Devant Alice Pinguet, la d\u00e9fense align\u00e9e face au Standard de Li\u00e8ge fait une place \u00e0 Chlo\u00e9 Tapia. Au milieu, Faustine Bataillard et Sarah Cambot encha\u00eenent une troisi\u00e8me titularisation alors que Laura Hermann retrouve sa place. Devant, Sofie Hornemann et Ad\u00e8le Connesson sont titularis\u00e9es une troisi\u00e8me fois alors que Nicolina Istoki compl\u00e8te le trio. Un XI remani\u00e9 d\u00e8s la 30e minute de jeu avec les entr\u00e9es de Rachel Corboz, Welma Fon et A\u00efala Peltier, signe que S\u00e9bastien Joseph continue de r\u00e9partir les temps de jeu.<\/p>\n<blockquote class=\"twitter-tweet\">\n<p dir=\"ltr\" lang=\"fr\">Le XI de d\u00e9part pour ce troisi\u00e8me match de pr\u00e9paration ! \ud83d\udc9a<a href=\"https:\/\/twitter.com\/hashtag\/ASSEDFCO?src=hash&amp;ref_src=twsrc%5Etfw\" rel=\"nofollow noopener\" target=\"_blank\">#ASSEDFCO<\/a>, H-1 \ud83d\udd1c <a href=\"https:\/\/t.co\/dgHShpiaaP\" rel=\"nofollow\">pic.twitter.com\/dgHShpiaaP<\/a><\/p>\n<p>\u2014 ASSE F\u00e9minines \ud83d\udc78 (@ASSEFeminines) <a href=\"https:\/\/twitter.com\/ASSEFeminines\/status\/1958167138213974113?ref_src=twsrc%5Etfw\" rel=\"nofollow noopener\" target=\"_blank\">August 20, 2025<\/a><\/p><\/blockquote>\n<p>Le match<\/p>\n<p>Malgr\u00e9 une l\u00e9g\u00e8re domination st\u00e9phanoise marqu\u00e9e des tirs de Laura Hermann (2e), une situation de trois contre deux pour Ad\u00e8le Connesson \u00e9vac\u00e9e par la gardienne (8e) ainsi que des centres-tirs de Sarah Cambot (11e) et Amandine Pierre-Louis (33e), le score est rest\u00e9 nul et vierge en premi\u00e8re p\u00e9riode. C\u00f4t\u00e9 visiteurs, le centre (10e) et le tir (18e) du DFCO n\u2019ont pas inqui\u00e9t\u00e9 Alice Pinguet.<\/p>\n<p>Les Vertes marquent l&rsquo;entame du second acte de leur empreinte. \u00c0 l&rsquo;exception d&rsquo;un tir bourguignon largement au-dessus (53e), les joueuses de S\u00e9bastien Joseph multiplient les occasions. Sofie Hornemann \u00e9crase un tir (52e), Faustine Bataillard enroule son ballon \u00e0 la limite de la surface de r\u00e9paration (59e) juste avant d&rsquo;ouvrir la marque d&rsquo;un lob somptueux<strong>\u00a0(ASSE 1-0 Dijon, 60e)<\/strong>. Un but qui n&rsquo;enl\u00e8ve rien \u00e0 l&rsquo;allant des Lig\u00e9riennes qui tentent d&rsquo;enfoncer le clou avec des tirs d&rsquo;Amandine Pierre-Louis (63e) et de Sarah Cambot (67e), sans succ\u00e8s. \u00c0 l&rsquo;approche du dernier quart d&rsquo;heure, Alice Pinguet r\u00e9alise une sortie parfaite dans les pieds d&rsquo;une attaquante dijonnaise (72e) avant d&rsquo;accompagner du regard une t\u00eate de la N\u00b011 sur corner (83e). Malgr\u00e9 un lob au moins aussi lointain que celui de la buteuse, Nadjma Ali Nadjim (90e) ne r\u00e9ussit pas \u00e0 doubler la marque pour les Vertes qui doivent se contenter de cette victoire sur la plus petite des marges.<\/p>\n<p>La suite<\/p>\n<p>Invaincues en pr\u00e9paration et auteures de deux succ\u00e8s en trois sorties, les Vertes rechausseront les crampons d\u00e8s samedi face \u00e0 Thonon-\u00c9vian.<\/p>\n<p>                          <script async src=\"https:\/\/platform.twitter.com\/widgets.js\" charset=\"utf-8\"><\/script><\/p>\n","protected":false},"excerpt":{"rendered":"Le contexte De retour sur les terrains depuis un mois, les Vertes sont \u00e0 mi-chemin de leur campagne&hellip;\n","protected":false},"author":2,"featured_media":332738,"comment_status":"","ping_status":"","sticky":false,"template":"","format":"standard","meta":{"footnotes":""},"categories":[9653],"tags":[1111,11,2430,1777,674,1011,27,12,25,4001],"class_list":{"0":"post-332737","1":"post","2":"type-post","3":"status-publish","4":"format-standard","5":"has-post-thumbnail","7":"category-saint-etienne","8":"tag-actu","9":"tag-actualites","10":"tag-auvergne-rhone-alpes","11":"tag-eu","12":"tag-europe","13":"tag-fr","14":"tag-france","15":"tag-news","16":"tag-republique-francaise","17":"tag-saint-etienne"},"share_on_mastodon":{"url":"https:\/\/pubeurope.com\/@fr\/115063896376092168","error":""},"_links":{"self":[{"href":"https:\/\/www.europesays.com\/fr\/wp-json\/wp\/v2\/posts\/332737","targetHints":{"allow":["GET"]}}],"collection":[{"href":"https:\/\/www.europesays.com\/fr\/wp-json\/wp\/v2\/posts"}],"about":[{"href":"https:\/\/www.europesays.com\/fr\/wp-json\/wp\/v2\/types\/post"}],"author":[{"embeddable":true,"href":"https:\/\/www.europesays.com\/fr\/wp-json\/wp\/v2\/users\/2"}],"replies":[{"embeddable":true,"href":"https:\/\/www.europesays.com\/fr\/wp-json\/wp\/v2\/comments?post=332737"}],"version-history":[{"count":0,"href":"https:\/\/www.europesays.com\/fr\/wp-json\/wp\/v2\/posts\/332737\/revisions"}],"wp:featuredmedia":[{"embeddable":true,"href":"https:\/\/www.europesays.com\/fr\/wp-json\/wp\/v2\/media\/332738"}],"wp:attachment":[{"href":"https:\/\/www.europesays.com\/fr\/wp-json\/wp\/v2\/media?parent=332737"}],"wp:term":[{"taxonomy":"category","embeddable":true,"href":"https:\/\/www.europesays.com\/fr\/wp-json\/wp\/v2\/categories?post=332737"},{"taxonomy":"post_tag","embeddable":true,"href":"https:\/\/www.europesays.com\/fr\/wp-json\/wp\/v2\/tags?post=332737"}],"curies":[{"name":"wp","href":"https:\/\/api.w.org\/{rel}","templated":true}]}}