{"id":332743,"date":"2025-08-21T00:24:18","date_gmt":"2025-08-21T00:24:18","guid":{"rendered":"https:\/\/www.europesays.com\/fr\/332743\/"},"modified":"2025-08-21T00:24:18","modified_gmt":"2025-08-21T00:24:18","slug":"six-fours-les-plages-var-cinq-blesses-dans-un-grave-accident-sur-la50-dans-le-sens-marseille","status":"publish","type":"post","link":"https:\/\/www.europesays.com\/fr\/332743\/","title":{"rendered":"Six-Fours-les-Plages (Var) : cinq bless\u00e9s dans un grave accident sur l&rsquo;A50 dans le sens Marseille"},"content":{"rendered":"<p>\t\t\t\t\t\t\t<img decoding=\"async\" src=\"https:\/\/www.europesays.com\/fr\/wp-content\/uploads\/2025\/08\/AccidentSIXfours.jpg\" alt=\"Six-Fours-les-Plages (Var) : cinq bless\u00e9s dans un grave accident sur l'A50 dans le sens Marseille - Toulon\" itemprop=\"image\"\/><\/p>\n<p>\t\t20 ao\u00fbt 2025\t<\/p>\n<p><strong>ALERTE INFO &#8211; Ce mercredi \u00e0 la mi-journ\u00e9e, trois poids lourds et un utilitaire ont \u00e9t\u00e9 impliqu\u00e9s dans un grave accident survenu \u00e0 hauteur de Six-Fours-les-Plages, l\u2019autoroute a \u00e9t\u00e9 ferm\u00e9e au niveau du p\u00e9age de Bandol.<\/strong><\/p>\n<p>Un grave accident de la circulation s\u2019est produit ce mercredi 20 ao\u00fbt 2025, peu avant midi, sur l\u2019autoroute A50, au point kilom\u00e9trique 63, \u00e0 hauteur de Six-Fours-les-Plages, \u00e0 seulement 300 m\u00e8tres de la sortie La Seyne-sur-Mer, dans le sens Bandol \u2192 Toulon.<\/p>\n<p>L\u2019accident a impliqu\u00e9 trois poids lourds, dont l\u2019un s\u2019est couch\u00e9 en travers des voies, ainsi qu\u2019un utilitaire. Rapidement, 33 sapeurs-pompiers du Var ont \u00e9t\u00e9 d\u00e9p\u00each\u00e9s sur place, \u00e9paul\u00e9s par la police nationale et les services de Vinci Autoroutes.<\/p>\n<p><strong>COINC\u00c9S DANS LEUR VOITURE<\/strong><\/p>\n<p>Cinq victimes sont \u00e0 d\u00e9plorer : trois personnes bless\u00e9es l\u00e9g\u00e8rement et deux autres gri\u00e8vement touch\u00e9es. Ces derni\u00e8res, coinc\u00e9es dans leur v\u00e9hicule, ont \u00e9t\u00e9 d\u00e9sincarc\u00e9r\u00e9s par les secours.<\/p>\n<p><img loading=\"lazy\" decoding=\"async\" src=\"https:\/\/www.europesays.com\/fr\/wp-content\/uploads\/2025\/08\/AccidentSixFours2.jpg\" alt=\"AccidentSixFours2\" width=\"640\" height=\"496\"\/><\/p>\n<p>Face \u00e0 la gravit\u00e9 de l\u2019accident, l\u2019autoroute a \u00e9t\u00e9 ferm\u00e9e d\u00e8s le p\u00e9age de Bandol en direction de Toulon. (Photo : \u00a9t\u00e9moin, Facebook)<\/p>\n<p>Un important bouchon, s\u2019\u00e9tendant sur plusieurs kilom\u00e8tres, s\u2019est rapidement form\u00e9. Un engin d\u2019intervention a d\u00fb remonter la file afin de v\u00e9rifier l\u2019\u00e9tat de sant\u00e9 des automobilistes immobilis\u00e9s.<\/p>\n<p>La zone a \u00e9t\u00e9 totalement bloqu\u00e9e et les autorit\u00e9s recommandaient d\u2019\u00e9viter le secteur jusqu\u2019en milieu d&rsquo;apr\u00e8s-midi.<\/p>\n<p>Photo : \u00a9t\u00e9moin, Facebook<\/p>\n<p><strong>La r\u00e9daction<\/strong><\/p>\n","protected":false},"excerpt":{"rendered":"20 ao\u00fbt 2025 ALERTE INFO &#8211; Ce mercredi \u00e0 la mi-journ\u00e9e, trois poids lourds et un utilitaire ont&hellip;\n","protected":false},"author":2,"featured_media":332744,"comment_status":"","ping_status":"","sticky":false,"template":"","format":"standard","meta":{"footnotes":""},"categories":[9619],"tags":[1111,11,1777,674,1011,27,12,882,25,2310],"class_list":{"0":"post-332743","1":"post","2":"type-post","3":"status-publish","4":"format-standard","5":"has-post-thumbnail","7":"category-toulon","8":"tag-actu","9":"tag-actualites","10":"tag-eu","11":"tag-europe","12":"tag-fr","13":"tag-france","14":"tag-news","15":"tag-provence-alpes-cote-dazur","16":"tag-republique-francaise","17":"tag-toulon"},"share_on_mastodon":{"url":"https:\/\/pubeurope.com\/@fr\/115063912202451724","error":""},"_links":{"self":[{"href":"https:\/\/www.europesays.com\/fr\/wp-json\/wp\/v2\/posts\/332743","targetHints":{"allow":["GET"]}}],"collection":[{"href":"https:\/\/www.europesays.com\/fr\/wp-json\/wp\/v2\/posts"}],"about":[{"href":"https:\/\/www.europesays.com\/fr\/wp-json\/wp\/v2\/types\/post"}],"author":[{"embeddable":true,"href":"https:\/\/www.europesays.com\/fr\/wp-json\/wp\/v2\/users\/2"}],"replies":[{"embeddable":true,"href":"https:\/\/www.europesays.com\/fr\/wp-json\/wp\/v2\/comments?post=332743"}],"version-history":[{"count":0,"href":"https:\/\/www.europesays.com\/fr\/wp-json\/wp\/v2\/posts\/332743\/revisions"}],"wp:featuredmedia":[{"embeddable":true,"href":"https:\/\/www.europesays.com\/fr\/wp-json\/wp\/v2\/media\/332744"}],"wp:attachment":[{"href":"https:\/\/www.europesays.com\/fr\/wp-json\/wp\/v2\/media?parent=332743"}],"wp:term":[{"taxonomy":"category","embeddable":true,"href":"https:\/\/www.europesays.com\/fr\/wp-json\/wp\/v2\/categories?post=332743"},{"taxonomy":"post_tag","embeddable":true,"href":"https:\/\/www.europesays.com\/fr\/wp-json\/wp\/v2\/tags?post=332743"}],"curies":[{"name":"wp","href":"https:\/\/api.w.org\/{rel}","templated":true}]}}