{"id":332747,"date":"2025-08-21T00:26:19","date_gmt":"2025-08-21T00:26:19","guid":{"rendered":"https:\/\/www.europesays.com\/fr\/332747\/"},"modified":"2025-08-21T00:26:19","modified_gmt":"2025-08-21T00:26:19","slug":"deplacement-a-bayonne-les-infos-pratiques-montpellier-herault-rugby","status":"publish","type":"post","link":"https:\/\/www.europesays.com\/fr\/332747\/","title":{"rendered":"D\u00e9placement \u00e0 Bayonne : les infos pratiques &#8211; Montpellier H\u00e9rault Rugby"},"content":{"rendered":"<p>\t\t\t\t\t\t\t\t\t\t\t\t\t&#13;<\/p>\n<p>\t\t\t\t\t\t\t\t\t<img fetchpriority=\"high\" data-lazyloaded=\"1\" width=\"1200\" height=\"1800\" src=\"https:\/\/www.europesays.com\/fr\/wp-content\/uploads\/2025\/08\/SLE09171-1200x1800.jpg\" class=\"attachment-xl size-xl wp-post-image\" alt=\"D\u00e9placement \u00e0 Bayonne : les infos pratiques\" decoding=\"async\"  data- loading=\"eager\"\/>\t\t\t\t\t\t\t\t&#13;<br \/>\n\t\t\t\t\t\t\t\t&#13;<\/p>\n<p>Le CHDS du MHR, en collaboration avec le Club du XV du MHR, organise le d\u00e9placement au Pays Basque \u00e0 l\u2019occasion de la rencontre qui opposera le MHR \u00e0 l\u2019Aviron Bayonnais au stade Jean-Dauger le samedi 13 septembre prochain. Retrouvez toutes les informations ci-dessous. <\/p>\n<p class=\"has-text-align-center\">R\u00e9servations au plus tard le 26 ao\u00fbt aupr\u00e8s de : <a href=\"https:\/\/www.montpellier-rugby.com\/news\/mailto:clubhistoriquechdsdumhr@gmail.com\" rel=\"nofollow noopener\" target=\"_blank\">clubhistoriquechdsdumhr@gmail.com<\/a><\/p>\n<p><img loading=\"lazy\" data-lazyloaded=\"1\" decoding=\"async\" width=\"819\" height=\"1024\" src=\"https:\/\/www.europesays.com\/fr\/wp-content\/uploads\/2025\/08\/bf771397-74db-4aa1-81b0-4ec6246a274d-819x1024.jpg\" alt=\"\" class=\"wp-image-13278\"  data-\/><\/p>\n","protected":false},"excerpt":{"rendered":"&#13; &#13; &#13; Le CHDS du MHR, en collaboration avec le Club du XV du MHR, organise le&hellip;\n","protected":false},"author":2,"featured_media":332748,"comment_status":"","ping_status":"","sticky":false,"template":"","format":"standard","meta":{"footnotes":""},"categories":[9599],"tags":[1111,11,1777,674,1011,27,2208,12,2680,25],"class_list":{"0":"post-332747","1":"post","2":"type-post","3":"status-publish","4":"format-standard","5":"has-post-thumbnail","7":"category-montpellier","8":"tag-actu","9":"tag-actualites","10":"tag-eu","11":"tag-europe","12":"tag-fr","13":"tag-france","14":"tag-montpellier","15":"tag-news","16":"tag-occitanie","17":"tag-republique-francaise"},"share_on_mastodon":{"url":"https:\/\/pubeurope.com\/@fr\/115063919985568445","error":""},"_links":{"self":[{"href":"https:\/\/www.europesays.com\/fr\/wp-json\/wp\/v2\/posts\/332747","targetHints":{"allow":["GET"]}}],"collection":[{"href":"https:\/\/www.europesays.com\/fr\/wp-json\/wp\/v2\/posts"}],"about":[{"href":"https:\/\/www.europesays.com\/fr\/wp-json\/wp\/v2\/types\/post"}],"author":[{"embeddable":true,"href":"https:\/\/www.europesays.com\/fr\/wp-json\/wp\/v2\/users\/2"}],"replies":[{"embeddable":true,"href":"https:\/\/www.europesays.com\/fr\/wp-json\/wp\/v2\/comments?post=332747"}],"version-history":[{"count":0,"href":"https:\/\/www.europesays.com\/fr\/wp-json\/wp\/v2\/posts\/332747\/revisions"}],"wp:featuredmedia":[{"embeddable":true,"href":"https:\/\/www.europesays.com\/fr\/wp-json\/wp\/v2\/media\/332748"}],"wp:attachment":[{"href":"https:\/\/www.europesays.com\/fr\/wp-json\/wp\/v2\/media?parent=332747"}],"wp:term":[{"taxonomy":"category","embeddable":true,"href":"https:\/\/www.europesays.com\/fr\/wp-json\/wp\/v2\/categories?post=332747"},{"taxonomy":"post_tag","embeddable":true,"href":"https:\/\/www.europesays.com\/fr\/wp-json\/wp\/v2\/tags?post=332747"}],"curies":[{"name":"wp","href":"https:\/\/api.w.org\/{rel}","templated":true}]}}