{"id":332749,"date":"2025-08-21T00:30:11","date_gmt":"2025-08-21T00:30:11","guid":{"rendered":"https:\/\/www.europesays.com\/fr\/332749\/"},"modified":"2025-08-21T00:30:11","modified_gmt":"2025-08-21T00:30:11","slug":"du-gros-electromenager-en-vente-dans-des-emmaus-en-isere","status":"publish","type":"post","link":"https:\/\/www.europesays.com\/fr\/332749\/","title":{"rendered":"Du gros \u00e9lectrom\u00e9nager en vente dans des Emma\u00fcs en Is\u00e8re"},"content":{"rendered":"<p>\t\t\t\t\tFLASH INFO \u2013 Nouvelle offre sur les sites Emma\u00fcs du Versoud et de Sassenage\u00a0: en par\u00adte\u00adna\u00adriat avec Envie Grenoble, struc\u00adture d\u00e9di\u00e9e aux \u00e9qui\u00adpe\u00adments \u00e9lec\u00adtriques et \u00e9lec\u00adtro\u00adniques, l\u2019as\u00adso\u00adcia\u00adtion pro\u00adpose \u00e0 la vente du gros \u00e9lec\u00adtro\u00adm\u00e9\u00adna\u00adger recon\u00addi\u00adtionn\u00e9, \u00e0 prix soli\u00addaire et garanti deux ans. Une ving\u00adtaine d\u2019ap\u00adpa\u00adreils sont pour l\u2019heure dis\u00adpo\u00adnibles mais l\u2019i\u00adni\u00adtia\u00adtive n\u2019en est qu\u2019\u00e0 ses d\u00e9buts.<\/p>\n<p>Les sites Emma\u00fcs du Versoud et de Sassenage ont inau\u00adgur\u00e9 un nou\u00adveau ser\u00advice au mois d\u2019ao\u00fbt 2025. En l\u2019oc\u00adcur\u00adrence, des points de vente d\u00e9di\u00e9s au gros \u00e9lec\u00adtro\u00adm\u00e9\u00adna\u00adger recon\u00addi\u00adtionn\u00e9 \u00e0 prix adap\u00adt\u00e9s pour les m\u00e9nages les plus modestes et assorti d\u2019une garan\u00adtie de deux\u00a0ans.<\/p>\n<p>\u00ab\u00a0Deux belles nou\u00adveau\u00adt\u00e9s\u00a0\u00bb, estime l\u2019as\u00adso\u00adcia\u00adtion, fruit d\u2019un par\u00adte\u00adna\u00adriat entre Emma\u00fcs Grenoble et <a href=\"https:\/\/grenoble.envie.org\/\" target=\"_blank\" rel=\"noopener nofollow\">Envie Grenoble<\/a>, struc\u00adture d\u00e9di\u00e9e \u00e0 \u00ab\u00a0la r\u00e9no\u00adva\u00adtion et la r\u00e9uti\u00adli\u00adsa\u00adtion des \u00e9qui\u00adpe\u00adments \u00e9lec\u00adtriques et \u00e9lec\u00adtro\u00adniques\u00a0\u00bb et qui pra\u00adtique aussi <a href=\"https:\/\/www.placegrenet.fr\/2023\/08\/28\/apres-avoir-ouvert-son-atelier-envie-grenoble-lance-son-site-dachat-en-ligne-dedie-au-reemploi\/611589\" target=\"_blank\" rel=\"noopener nofollow\">la vente en ligne<\/a>. Les appa\u00adreils sont ainsi remis en \u00e9tat par Envie, \u00ab\u00a0acteur engag\u00e9 et reconnu de l\u2019\u00e9conomie sociale et soli\u00addaire\u00a0\u00bb, lequel assure la garan\u00adtie de deux ans, \u00ab\u00a0gage de qua\u00adlit\u00e9\u2026 et de s\u00e9r\u00e9\u00adnit\u00e9\u00a0\u00bb.<\/p>\n<p>Lave-linge, lave-vais\u00adselle, cui\u00adsi\u00adni\u00e8res, fours\u2026<\/p>\n<p>\u00ab\u00a0Parce que nous croyons qu\u2019il est pos\u00adsible de consom\u00admer autre\u00adment, tout en pr\u00e9\u00adser\u00advant les res\u00adsources et en sou\u00adte\u00adnant l\u2019emploi local, nous avons d\u00e9cid\u00e9 de ren\u00adfor\u00adcer notre offre. Lave-linge, lave-vais\u00adselle, cui\u00adsi\u00adni\u00e8res, fours\u2026 Au total, une ving\u00adtaine d\u2019appareils recon\u00addi\u00adtion\u00adn\u00e9s seront dis\u00adpo\u00adnibles dans chaque espace\u00a0\u00bb, indique Emma\u00fcs, qui pr\u00e9\u00adcise que ce n\u2019est qu\u2019un\u00a0d\u00e9but.<\/p>\n<p><a href=\"https:\/\/www.europesays.com\/fr\/wp-content\/uploads\/2025\/08\/emmaus-gros-electromenager.jpg\" target=\"_blank\" rel=\"noopener\"><img fetchpriority=\"high\" decoding=\"async\" aria-describedby=\"caption-attachment-657929\" class=\"wp-image-657929 size-full\" src=\"data:image\/svg+xml,%3Csvg%20xmlns=\" http:=\"\" alt=\"Du gros \u00e9lectrom\u00e9nager \u00e0 prix solidaire est d\u00e9sormais en vente sur les sites Emma\u00fcs du Versoud et de Sassenage. \u00a9 Emma\u00fcs Grenoble\" width=\"1026\" height=\"769\" data-lazy- data-lazy- data-lazy-src=\"https:\/\/www.europesays.com\/fr\/wp-content\/uploads\/2025\/08\/emmaus-gros-electromenager.jpg\"\/><\/a><\/p>\n<p id=\"caption-attachment-657929\" class=\"wp-caption-text\">Du gros \u00e9lec\u00adtro\u00adm\u00e9\u00adna\u00adger \u00e0 prix soli\u00addaire est d\u00e9sor\u00admais en vente sur les sites Emma\u00fcs du Versoud et de Sassenage. \u00a9 Emma\u00fcs Grenoble<\/p>\n<p>C\u2019est un \u00ab\u00a0besoin par\u00adtag\u00e9\u00a0\u00bb qui a motiv\u00e9 la mise en place de cette offre nou\u00advelle, expliquent Emma\u00fcs et Envie\u00a0: \u00ab\u00a0Celui de faire front ensemble face \u00e0 une \u00e9co\u00adno\u00admie de plus en plus concur\u00adren\u00adtielle et tour\u00adn\u00e9e vers le pro\u00adfit\u00a0\u00bb. \u00ab\u00a0Chez Emma\u00fcs, nous avons fait le choix de l\u2019union et de la coop\u00e9\u00adra\u00adtion, fid\u00e8les \u00e0 nos valeurs de soli\u00adda\u00adrit\u00e9, de jus\u00adtice et d\u2019\u00e9cologie\u00a0\u00bb, sou\u00adligne l\u2019association.<\/p>\n<p>\u00ab\u00a0Ensemble, nous vou\u00adlons \u00eatre plus\u00a0forts\u00a0\u00bb<\/p>\n<p>Emma\u00fcs ins\u00adcrit son action dans une dimen\u00adsion col\u00adlec\u00adtive, en rap\u00adpe\u00adlant la cr\u00e9a\u00adtion en 2019 de <a href=\"https:\/\/www.placegrenet.fr\/2022\/09\/13\/le-collectif-fabricanova-investit-le-popup-republique-du-centre-ville-de-grenoble-jusquau-24-decembre\/579325\" target=\"_blank\" rel=\"noopener nofollow\">Fabricanova<\/a>, sym\u00adbole \u00ab\u00a0de l\u2019union et de la coop\u00e9\u00adra\u00adtion, fid\u00e8les [aux] valeurs de soli\u00adda\u00adrit\u00e9, de jus\u00adtice et d\u2019\u00e9cologie\u00a0\u00bb. \u00ab\u00a0Dans un monde en pleine trans\u00adfor\u00adma\u00adtion, nous avons plus que jamais besoin de coop\u00e9\u00adra\u00adtion entre acteurs de l\u2019\u00e9conomie sociale et soli\u00addaire, insiste Emma\u00fcs. Cette mutua\u00adli\u00adsa\u00adtion en est un bel exemple\u00a0: ensemble, nous vou\u00adlons \u00eatre plus forts, plus justes, plus utiles, et conti\u00adnuer \u00e0 construire une \u00e9co\u00adno\u00admie r\u00e9el\u00adle\u00adment au ser\u00advice des per\u00adsonnes et des ter\u00adri\u00adtoires\u00a0\u00bb, assure-t-elle.<\/p>\n<p>Et de pr\u00e9\u00adci\u00adser qu\u2019elle conti\u00adnuera \u00e0 r\u00e9pa\u00adrer et valo\u00adri\u00adser du mat\u00e9\u00adriel en interne, en fai\u00adsant \u00e9ga\u00adle\u00adment de son par\u00adte\u00adna\u00adriat avec Envie \u00ab\u00a0une for\u00admi\u00addable oppor\u00adtu\u00adnit\u00e9 de trans\u00admis\u00adsion de savoir-faire\u00a0\u00bb pour les com\u00adpa\u00adgnons et com\u00adpagnes tra\u00advaillant dans ses ate\u00adliers et magasins.<\/p>\n","protected":false},"excerpt":{"rendered":"FLASH INFO \u2013 Nouvelle offre sur les sites Emma\u00fcs du Versoud et de Sassenage\u00a0: en par\u00adte\u00adna\u00adriat avec Envie&hellip;\n","protected":false},"author":2,"featured_media":332750,"comment_status":"","ping_status":"","sticky":false,"template":"","format":"standard","meta":{"footnotes":""},"categories":[9566],"tags":[1111,11,2430,1777,674,1011,27,2731,12,25],"class_list":{"0":"post-332749","1":"post","2":"type-post","3":"status-publish","4":"format-standard","5":"has-post-thumbnail","7":"category-grenoble","8":"tag-actu","9":"tag-actualites","10":"tag-auvergne-rhone-alpes","11":"tag-eu","12":"tag-europe","13":"tag-fr","14":"tag-france","15":"tag-grenoble","16":"tag-news","17":"tag-republique-francaise"},"share_on_mastodon":{"url":"https:\/\/pubeurope.com\/@fr\/115063935629564306","error":""},"_links":{"self":[{"href":"https:\/\/www.europesays.com\/fr\/wp-json\/wp\/v2\/posts\/332749","targetHints":{"allow":["GET"]}}],"collection":[{"href":"https:\/\/www.europesays.com\/fr\/wp-json\/wp\/v2\/posts"}],"about":[{"href":"https:\/\/www.europesays.com\/fr\/wp-json\/wp\/v2\/types\/post"}],"author":[{"embeddable":true,"href":"https:\/\/www.europesays.com\/fr\/wp-json\/wp\/v2\/users\/2"}],"replies":[{"embeddable":true,"href":"https:\/\/www.europesays.com\/fr\/wp-json\/wp\/v2\/comments?post=332749"}],"version-history":[{"count":0,"href":"https:\/\/www.europesays.com\/fr\/wp-json\/wp\/v2\/posts\/332749\/revisions"}],"wp:featuredmedia":[{"embeddable":true,"href":"https:\/\/www.europesays.com\/fr\/wp-json\/wp\/v2\/media\/332750"}],"wp:attachment":[{"href":"https:\/\/www.europesays.com\/fr\/wp-json\/wp\/v2\/media?parent=332749"}],"wp:term":[{"taxonomy":"category","embeddable":true,"href":"https:\/\/www.europesays.com\/fr\/wp-json\/wp\/v2\/categories?post=332749"},{"taxonomy":"post_tag","embeddable":true,"href":"https:\/\/www.europesays.com\/fr\/wp-json\/wp\/v2\/tags?post=332749"}],"curies":[{"name":"wp","href":"https:\/\/api.w.org\/{rel}","templated":true}]}}