{"id":332751,"date":"2025-08-21T00:32:11","date_gmt":"2025-08-21T00:32:11","guid":{"rendered":"https:\/\/www.europesays.com\/fr\/332751\/"},"modified":"2025-08-21T00:32:11","modified_gmt":"2025-08-21T00:32:11","slug":"previsions-du-jeudi-21-aout-2025-6","status":"publish","type":"post","link":"https:\/\/www.europesays.com\/fr\/332751\/","title":{"rendered":"pr\u00e9visions du jeudi 21 ao\u00fbt 2025"},"content":{"rendered":"<p>Le soleil sera au rendez-vous \u00e0 Rennes : une magnifique journ\u00e9e se pr\u00e9sente ! Le thermom\u00e8tre affichera 19\u00b0C en moyenne. Le matin, une petite brise de nord sera ressentie par les habitants. Les temp\u00e9ratures vont monter pendant l&rsquo;apr\u00e8s-midi de plusieurs degr\u00e9s. Les valeurs seront comprises entre 23 et 25\u00b0C. Un vent de nord-ouest est pr\u00e9vu : il soufflera \u00e0 22 km\/h. Durant la nuit de jeudi \u00e0 vendredi, le ciel sera d\u00e9pourvu de nuages.<\/p>\n<p>Demain, les Rennais vont pouvoir profiter d&rsquo;un soleil radieux. Les temp\u00e9ratures vont baisser de quelques degr\u00e9s. Les valeurs afficheront entre 10 et 26\u00b0C. Un vent de nord-est rafra\u00eechira quelque peu l&rsquo;atmosph\u00e8re. Dans la matin\u00e9e, les temp\u00e9ratures tourneront autour des 18\u00b0C. Demain apr\u00e8s-midi, c&rsquo;est une hausse de plusieurs degr\u00e9s que vont conna\u00eetre les temp\u00e9ratures. Les valeurs s&rsquo;\u00e9chelonneront entre 24\u00b0C et 26\u00b0C. Demain soir, on anticipe des temp\u00e9ratures avoisinant 18\u00b0C.<\/p>\n<p>Les jours passent et se ressemblent. On pr\u00e9voit des journ\u00e9es ensoleill\u00e9es, avec des temp\u00e9ratures dans les 30\u00b0C en moyenne.<\/p>\n<p><\/p>\n","protected":false},"excerpt":{"rendered":"Le soleil sera au rendez-vous \u00e0 Rennes : une magnifique journ\u00e9e se pr\u00e9sente ! Le thermom\u00e8tre affichera 19\u00b0C&hellip;\n","protected":false},"author":2,"featured_media":332752,"comment_status":"","ping_status":"","sticky":false,"template":"","format":"standard","meta":{"footnotes":""},"categories":[2821],"tags":[1111,11,829,1777,674,1011,27,848,12,2119,584,25],"class_list":{"0":"post-332751","1":"post","2":"type-post","3":"status-publish","4":"format-standard","5":"has-post-thumbnail","7":"category-rennes","8":"tag-actu","9":"tag-actualites","10":"tag-bretagne","11":"tag-eu","12":"tag-europe","13":"tag-fr","14":"tag-france","15":"tag-ille-et-vilaine","16":"tag-news","17":"tag-previsions-meteo","18":"tag-rennes","19":"tag-republique-francaise"},"share_on_mastodon":{"url":"https:\/\/pubeurope.com\/@fr\/115063943531020874","error":""},"_links":{"self":[{"href":"https:\/\/www.europesays.com\/fr\/wp-json\/wp\/v2\/posts\/332751","targetHints":{"allow":["GET"]}}],"collection":[{"href":"https:\/\/www.europesays.com\/fr\/wp-json\/wp\/v2\/posts"}],"about":[{"href":"https:\/\/www.europesays.com\/fr\/wp-json\/wp\/v2\/types\/post"}],"author":[{"embeddable":true,"href":"https:\/\/www.europesays.com\/fr\/wp-json\/wp\/v2\/users\/2"}],"replies":[{"embeddable":true,"href":"https:\/\/www.europesays.com\/fr\/wp-json\/wp\/v2\/comments?post=332751"}],"version-history":[{"count":0,"href":"https:\/\/www.europesays.com\/fr\/wp-json\/wp\/v2\/posts\/332751\/revisions"}],"wp:featuredmedia":[{"embeddable":true,"href":"https:\/\/www.europesays.com\/fr\/wp-json\/wp\/v2\/media\/332752"}],"wp:attachment":[{"href":"https:\/\/www.europesays.com\/fr\/wp-json\/wp\/v2\/media?parent=332751"}],"wp:term":[{"taxonomy":"category","embeddable":true,"href":"https:\/\/www.europesays.com\/fr\/wp-json\/wp\/v2\/categories?post=332751"},{"taxonomy":"post_tag","embeddable":true,"href":"https:\/\/www.europesays.com\/fr\/wp-json\/wp\/v2\/tags?post=332751"}],"curies":[{"name":"wp","href":"https:\/\/api.w.org\/{rel}","templated":true}]}}