{"id":332756,"date":"2025-08-21T00:35:23","date_gmt":"2025-08-21T00:35:23","guid":{"rendered":"https:\/\/www.europesays.com\/fr\/332756\/"},"modified":"2025-08-21T00:35:23","modified_gmt":"2025-08-21T00:35:23","slug":"ce-musee-discret-fait-briller-cagnes-sur-mer-unique-en-son-genre-il-devoile-pres-de-nice-les-bijoux-comme-vous-ne-les-avez-jamais-vus","status":"publish","type":"post","link":"https:\/\/www.europesays.com\/fr\/332756\/","title":{"rendered":"Ce mus\u00e9e discret fait briller Cagnes-sur-Mer ! Unique en son genre, il d\u00e9voile pr\u00e8s de Nice les bijoux comme vous ne les avez jamais vus"},"content":{"rendered":"<p><a href=\"https:\/\/ville.cagnes.fr\/musee-renoir\/infos-pratiques-musee-renoir\/\" target=\"_blank\" rel=\" noreferrer noopener nofollow\"><img loading=\"lazy\" decoding=\"async\" width=\"630\" height=\"630\" src=\"data:image\/svg+xml,%3Csvg%20xmlns=\" http:=\"\" alt=\"\" class=\"wp-image-245695\" style=\"width:300px\" data-lazy-src=\"https:\/\/www.europesays.com\/fr\/wp-content\/uploads\/2025\/07\/NM-2025-300x300px--630x630.jpg\"\/><\/a><\/p>\n<p><strong>Au coin de la place De Gaulle, un lieu intrigue par son originalit\u00e9 : le <a href=\"https:\/\/ville.cagnes.fr\/ville-et-metiers-dart-bijou-contemporain\/musee-du-bijou-contemporain\/\" target=\"_blank\" rel=\"noopener nofollow\">Mus\u00e9e du Bijou Contemporain<\/a>. Install\u00e9 dans l\u2019ancien cabaret de Suzy Solidor, il ne pr\u00e9sente ni diamants \u00e9tincelants ni pi\u00e8ces de haute joaillerie \u00e0 la place Vend\u00f4me, mais un univers tout autre, o\u00f9 l\u2019art contemporain se porte\u2026 au cou, au doigt ou \u00e0 l\u2019oreille.<\/strong><\/p>\n<p>\u00ab Le bijou contemporain, c\u2019est une rupture avec la tradition de la joaillerie \u00bb explique Emeric Pinkowicz, conservateur des mus\u00e9es de Cagnes-sur-Mer.<\/p>\n<p><img loading=\"lazy\" decoding=\"async\" width=\"1120\" height=\"630\" src=\"data:image\/svg+xml,%3Csvg%20xmlns=\" http:=\"\" alt=\"1 9\" class=\"wp-image-247555\" title=\"Ce mus\u00e9e discret fait briller Cagnes-sur-Mer ! Unique en son genre, il d\u00e9voile pr\u00e8s de Nice les bijoux comme vous ne les avez jamais vus 1\" data-lazy- data-lazy- data-lazy-src=\"https:\/\/www.europesays.com\/fr\/wp-content\/uploads\/2025\/08\/1-9-1120x630.jpg\"\/>[\u00a9 Romain Boisaubert \/ Nice-Presse]<\/p>\n<p>\u00ab D\u00e8s les ann\u00e9es 1960, des cr\u00e9ateurs d\u00e9cident de travailler avec des mat\u00e9riaux non-nobles (plastique, sable, cailloux, feuilles) et d\u2019en faire des objets uniques. On est presque \u00e0 mi-chemin entre la sculpture et le bijou. \u00bb<\/p>\n<p>Collection rare <\/p>\n<p>Cagnes-sur-Mer fait figure d\u2019exception. En effet, aucune autre ville en France, hormis le Mus\u00e9e des Arts D\u00e9coratifs \u00e0 Paris dans une approche beaucoup plus large, ne poss\u00e8de une institution d\u00e9di\u00e9e.\u00a0<\/p>\n<p>\u00ab C\u2019est vraiment une sp\u00e9cificit\u00e9 cagnoise. Nous avons aujourd\u2019hui environ 450 pi\u00e8ces dans la collection permanente, et chaque \u00e9t\u00e9, nous organisons des expositions temporaires pour mettre en lumi\u00e8re des artistes de renomm\u00e9e internationale \u00bb d\u00e9taille le conservateur.<\/p>\n<p><img loading=\"lazy\" decoding=\"async\" width=\"1120\" height=\"630\" src=\"data:image\/svg+xml,%3Csvg%20xmlns=\" http:=\"\" alt=\"4 7\" class=\"wp-image-247550\" title=\"Ce mus\u00e9e discret fait briller Cagnes-sur-Mer ! Unique en son genre, il d\u00e9voile pr\u00e8s de Nice les bijoux comme vous ne les avez jamais vus 2\" data-lazy- data-lazy- data-lazy-src=\"https:\/\/www.europesays.com\/fr\/wp-content\/uploads\/2025\/08\/4-7-1120x630.jpg\"\/>[\u00a9 Romain Boisaubert \/ Nice-Presse]<\/p>\n<p><img loading=\"lazy\" decoding=\"async\" width=\"1120\" height=\"630\" src=\"data:image\/svg+xml,%3Csvg%20xmlns=\" http:=\"\" alt=\"3 9\" class=\"wp-image-247552\" title=\"Ce mus\u00e9e discret fait briller Cagnes-sur-Mer ! Unique en son genre, il d\u00e9voile pr\u00e8s de Nice les bijoux comme vous ne les avez jamais vus 3\" data-lazy- data-lazy- data-lazy-src=\"https:\/\/www.europesays.com\/fr\/wp-content\/uploads\/2025\/08\/3-9-1120x630.jpg\"\/>[\u00a9 Romain Boisaubert \/ Nice-Presse]<\/p>\n<p>Chaque bijou pr\u00e9sent\u00e9 surprend par son audace. L\u2019or et le diamant c\u00e8dent la place \u00e0 des mat\u00e9riaux inattendus, souvent recycl\u00e9s, parfois fragiles, mais toujours porteurs d\u2019une id\u00e9e forte.\u00a0<\/p>\n<p>\u00ab Dans le bijou contemporain, l\u2019essentiel n\u2019est pas la valeur du mat\u00e9riau, mais la r\u00e9flexion sur la relation entre l\u2019objet et le corps \u00bb insiste Emeric Pinkowicz.<\/p>\n<p>Du cabaret\u2026 \u00e0 l\u2019art contemporain<\/p>\n<p>Le lieu lui-m\u00eame porte une histoire singuli\u00e8re. Le b\u00e2timent, datant du XIXe si\u00e8cle, a vu d\u00e9filer des figures de la vie artistique et mondaine, dont Brigitte Bardot, avant d\u2019abriter le cabaret et la boutique d\u2019antiquit\u00e9s de Suzy Solidor.\u00a0<\/p>\n<p><a href=\"https:\/\/anneedelamer.nice.fr\/\" rel=\"nofollow noopener\" target=\"_blank\"><img loading=\"lazy\" decoding=\"async\" width=\"300\" height=\"300\" src=\"data:image\/svg+xml,%3Csvg%20xmlns=\" http:=\"\" alt=\"\" class=\"wp-image-235449\" data-lazy-src=\"https:\/\/www.europesays.com\/fr\/wp-content\/uploads\/2025\/04\/IMG_1416-2.png\"\/><\/a><\/p>\n<p>Dans les ann\u00e9es 1990, la Ville rach\u00e8te l\u2019ensemble pour en faire un mus\u00e9e, donnant ainsi une seconde vie \u00e0 ce lieu de m\u00e9moire.<\/p>\n<p><img loading=\"lazy\" decoding=\"async\" width=\"1120\" height=\"630\" src=\"data:image\/svg+xml,%3Csvg%20xmlns=\" http:=\"\" alt=\"2 10\" class=\"wp-image-247553\" title=\"Ce mus\u00e9e discret fait briller Cagnes-sur-Mer ! Unique en son genre, il d\u00e9voile pr\u00e8s de Nice les bijoux comme vous ne les avez jamais vus 4\" data-lazy- data-lazy- data-lazy-src=\"https:\/\/www.europesays.com\/fr\/wp-content\/uploads\/2025\/08\/2-10-1120x630.jpg\"\/>[\u00a9 Romain Boisaubert \/ Nice-Presse]<\/p>\n<p>Aujourd\u2019hui ouvert toute l\u2019ann\u00e9e, il attire pr\u00e8s de 5.000 visiteurs par an. Un public parfois d\u00e9rout\u00e9, mais toujours intrigu\u00e9.\u00a0\u00ab Ce n\u2019est pas toujours simple, les gens ne savent pas forc\u00e9ment ce qu\u2019est le bijou contemporain. Mais notre r\u00f4le, c\u2019est justement de leur faire d\u00e9couvrir cet univers \u00bb sourit le conservateur.<\/p>\n<p>En savoir +<\/p>\n<ul class=\"wp-block-list\">\n<li><strong>Entr\u00e9e libre<\/strong><\/li>\n<li>Haut-de-Cagnes \u2013 place du Ch\u00e2teau 06800 Cagnes-sur-Mer<\/li>\n<li>Contact : 04 93 73 14 42<\/li>\n<li>Juillet et ao\u00fbt : du mardi au dimanche de 14h \u00e0 18h, nocturne jusqu\u2019\u00e0 19h les vendredis des soir\u00e9es \u00ab Jazz au ch\u00e2teau \u00bb.<\/li>\n<li>Avril, mai, juin et septembre : du mercredi au dimanche de 14h \u00e0 18h.<\/li>\n<li>D\u2019octobre \u00e0 mars : du mercredi au dimanche de 14h \u00e0 17h.<\/li>\n<li>Ferm\u00e9 le mardi et les 25\/12 et 01\/01.<\/li>\n<\/ul>\n","protected":false},"excerpt":{"rendered":"Au coin de la place De Gaulle, un lieu intrigue par son originalit\u00e9 : le Mus\u00e9e du Bijou&hellip;\n","protected":false},"author":2,"featured_media":332757,"comment_status":"","ping_status":"","sticky":false,"template":"","format":"standard","meta":{"footnotes":""},"categories":[2819],"tags":[1111,11,1777,674,1011,27,12,2401,882,25],"class_list":{"0":"post-332756","1":"post","2":"type-post","3":"status-publish","4":"format-standard","5":"has-post-thumbnail","7":"category-nice","8":"tag-actu","9":"tag-actualites","10":"tag-eu","11":"tag-europe","12":"tag-fr","13":"tag-france","14":"tag-news","15":"tag-nice","16":"tag-provence-alpes-cote-dazur","17":"tag-republique-francaise"},"share_on_mastodon":{"url":"https:\/\/pubeurope.com\/@fr\/115063955332746633","error":""},"_links":{"self":[{"href":"https:\/\/www.europesays.com\/fr\/wp-json\/wp\/v2\/posts\/332756","targetHints":{"allow":["GET"]}}],"collection":[{"href":"https:\/\/www.europesays.com\/fr\/wp-json\/wp\/v2\/posts"}],"about":[{"href":"https:\/\/www.europesays.com\/fr\/wp-json\/wp\/v2\/types\/post"}],"author":[{"embeddable":true,"href":"https:\/\/www.europesays.com\/fr\/wp-json\/wp\/v2\/users\/2"}],"replies":[{"embeddable":true,"href":"https:\/\/www.europesays.com\/fr\/wp-json\/wp\/v2\/comments?post=332756"}],"version-history":[{"count":0,"href":"https:\/\/www.europesays.com\/fr\/wp-json\/wp\/v2\/posts\/332756\/revisions"}],"wp:featuredmedia":[{"embeddable":true,"href":"https:\/\/www.europesays.com\/fr\/wp-json\/wp\/v2\/media\/332757"}],"wp:attachment":[{"href":"https:\/\/www.europesays.com\/fr\/wp-json\/wp\/v2\/media?parent=332756"}],"wp:term":[{"taxonomy":"category","embeddable":true,"href":"https:\/\/www.europesays.com\/fr\/wp-json\/wp\/v2\/categories?post=332756"},{"taxonomy":"post_tag","embeddable":true,"href":"https:\/\/www.europesays.com\/fr\/wp-json\/wp\/v2\/tags?post=332756"}],"curies":[{"name":"wp","href":"https:\/\/api.w.org\/{rel}","templated":true}]}}