{"id":332758,"date":"2025-08-21T00:36:17","date_gmt":"2025-08-21T00:36:17","guid":{"rendered":"https:\/\/www.europesays.com\/fr\/332758\/"},"modified":"2025-08-21T00:36:17","modified_gmt":"2025-08-21T00:36:17","slug":"autopsie-ordonnee-auditions-materiel-saisi-ce-quil-faut-savoir-de-lenquete-en-cours","status":"publish","type":"post","link":"https:\/\/www.europesays.com\/fr\/332758\/","title":{"rendered":"autopsie ordonn\u00e9e, auditions, mat\u00e9riel saisi&#8230; Ce qu&rsquo;il faut savoir de l&rsquo;enqu\u00eate en cours"},"content":{"rendered":"<p><strong>Le parquet de Nice a annonc\u00e9 qu\u2019une autopsie du streamer Jean Pormanove, d\u00e9c\u00e9d\u00e9 lundi lors d\u2019un live sur la plateforme Kick, aura lieu jeudi matin. L\u2019enqu\u00eate progresse avec plusieurs auditions et des saisies de mat\u00e9riel en cours.<\/strong><\/p>\n<p>Mercredi, le procureur de la R\u00e9publique de Nice, Damien Martinelli, a pr\u00e9cis\u00e9 que \u00ab\u00a0plusieurs auditions de personnes pr\u00e9sentes au moment du d\u00e9c\u00e8s ont \u00e9t\u00e9 faites sans qu\u2019\u00e0 ce stade elles permettent de donner une orientation quant aux causes de celui-ci\u00a0\u00bb.<\/p>\n<p>Jean Pormanove, de son vrai nom Rapha\u00ebl Graven, est mort dans la nuit de dimanche \u00e0 lundi, \u00e0 l\u2019\u00e2ge de 46 ans, dans la commune de Contes, au nord de Nice. Il diffusait depuis plus de 12 jours en continu sur la plateforme Kick, dans des vid\u00e9os o\u00f9 il apparaissait aux c\u00f4t\u00e9s d\u2019un autre homme surnomm\u00e9 Coudoux, subissant des actes de violence et d\u2019humiliation orchestr\u00e9s par deux partenaires, connus en ligne sous les pseudonymes de NarutoVie et Safine.<\/p>\n<p>Mat\u00e9riel saisi et enqu\u00eate \u00e9largie<\/p>\n<p>Le parquet indique que \u00ab\u00a0de nombreuses saisies de mat\u00e9riels et vid\u00e9os\u00a0\u00bb ont \u00e9t\u00e9 r\u00e9alis\u00e9es. Ces \u00e9l\u00e9ments doivent permettre de mieux comprendre le d\u00e9roul\u00e9 des faits pr\u00e9c\u00e9dant la mort du streamer, et d\u2019identifier d\u2019\u00e9ventuels facteurs ayant pu y contribuer.<\/p>\n<p>Cette nouvelle enqu\u00eate s\u2019inscrit \u00ab\u00a0en parall\u00e8le\u00a0\u00bb d\u2019une instruction d\u00e9j\u00e0 en cours depuis le 16 d\u00e9cembre 2024, d\u00e9clench\u00e9e apr\u00e8s un article de Mediapart. Celui-ci r\u00e9v\u00e9lait des vid\u00e9os montrant des personnes potentiellement vuln\u00e9rables victimes de violences et d\u2019humiliations, parfois motiv\u00e9es par des \u00ab\u00a0versements d\u2019argent des spectateurs\u00a0\u00bb.<\/p>\n<p>Des gardes \u00e0 vue d\u00e8s janvier<\/p>\n<p>Dans le cadre de l\u2019enqu\u00eate ouverte en d\u00e9cembre, NarutoVie et Safine avaient \u00e9t\u00e9 plac\u00e9s en garde \u00e0 vue le 8 janvier 2025. Les personnes consid\u00e9r\u00e9es comme victimes, dont Jean Pormanove et Coudoux, avaient \u00e9galement \u00e9t\u00e9 entendues par les enqu\u00eateurs.<\/p>\n<p>Tous deux avaient alors \u00ab\u00a0contest\u00e9 fermement \u00eatre victimes de violences\u00a0\u00bb, assurant que les sc\u00e8nes diffus\u00e9es relevaient de \u00ab\u00a0mises en sc\u00e8ne visant \u00e0 +faire le buzz+ pour gagner de l\u2019argent\u00a0\u00bb.<\/p>\n<p>Une mon\u00e9tisation assum\u00e9e du contenu<\/p>\n<p>Lors de leur audition, Coudoux avait d\u00e9clar\u00e9 percevoir jusqu\u2019\u00e0 2.000 euros par mois gr\u00e2ce \u00e0 ces vid\u00e9os, tandis que Jean Pormanove \u00e9voquait \u00ab\u00a0des sommes \u00e0 hauteur de 6.000 euros\u00a0\u00bb, provenant d\u2019\u00ab\u00a0une soci\u00e9t\u00e9 qu\u2019il avait cr\u00e9\u00e9e (et) sur la base des contrats \u00e9tablis avec les plateformes\u00a0\u00bb.<\/p>\n<p><a href=\"https:\/\/anneedelamer.nice.fr\/\" rel=\"nofollow noopener\" target=\"_blank\"><img loading=\"lazy\" decoding=\"async\" width=\"300\" height=\"300\" src=\"data:image\/svg+xml,%3Csvg%20xmlns=\" http:=\"\" alt=\"\" class=\"wp-image-235449\" data-lazy-src=\"https:\/\/www.europesays.com\/fr\/wp-content\/uploads\/2025\/04\/IMG_1416-2.png\"\/><\/a><\/p>\n<p>Le procureur pr\u00e9cise qu\u2019\u00ab\u00a0l\u2019un et l\u2019autre indiquaient n\u2019avoir jamais \u00e9t\u00e9 bless\u00e9s, \u00eatre totalement libres de leurs mouvements et de leurs d\u00e9cisions et refusaient d\u2019\u00eatre examin\u00e9s par un m\u00e9decin et un psychiatre\u00a0\u00bb.<\/p>\n<p>Kick bannit les participants du live<\/p>\n<p>Mercredi matin, la plateforme Kick a indiqu\u00e9 sur le r\u00e9seau X avoir \u00ab\u00a0banni tous les co-streamers ayant particip\u00e9 \u00e0 cette diffusion en direct (\u2026) dans l\u2019attente de l\u2019enqu\u00eate en cours\u00a0\u00bb.<\/p>\n<p>Kick affirme \u00e9galement s\u2019engager \u00e0 \u00ab\u00a0collaborer pleinement avec les autorit\u00e9s\u00a0\u00bb et annonce avoir entam\u00e9 une \u00ab\u00a0r\u00e9vision compl\u00e8te\u00a0\u00bb de ses contenus en langue fran\u00e7aise, alors que la plateforme est de plus en plus critiqu\u00e9e pour son manque de mod\u00e9ration.<\/p>\n<p class=\"has-small-font-size\">Avec AFP<\/p>\n","protected":false},"excerpt":{"rendered":"Le parquet de Nice a annonc\u00e9 qu\u2019une autopsie du streamer Jean Pormanove, d\u00e9c\u00e9d\u00e9 lundi lors d\u2019un live sur&hellip;\n","protected":false},"author":2,"featured_media":332759,"comment_status":"","ping_status":"","sticky":false,"template":"","format":"standard","meta":{"footnotes":""},"categories":[2819],"tags":[1111,11,1777,674,1011,27,12,2401,882,25],"class_list":{"0":"post-332758","1":"post","2":"type-post","3":"status-publish","4":"format-standard","5":"has-post-thumbnail","7":"category-nice","8":"tag-actu","9":"tag-actualites","10":"tag-eu","11":"tag-europe","12":"tag-fr","13":"tag-france","14":"tag-news","15":"tag-nice","16":"tag-provence-alpes-cote-dazur","17":"tag-republique-francaise"},"share_on_mastodon":{"url":"https:\/\/pubeurope.com\/@fr\/115063959255643578","error":""},"_links":{"self":[{"href":"https:\/\/www.europesays.com\/fr\/wp-json\/wp\/v2\/posts\/332758","targetHints":{"allow":["GET"]}}],"collection":[{"href":"https:\/\/www.europesays.com\/fr\/wp-json\/wp\/v2\/posts"}],"about":[{"href":"https:\/\/www.europesays.com\/fr\/wp-json\/wp\/v2\/types\/post"}],"author":[{"embeddable":true,"href":"https:\/\/www.europesays.com\/fr\/wp-json\/wp\/v2\/users\/2"}],"replies":[{"embeddable":true,"href":"https:\/\/www.europesays.com\/fr\/wp-json\/wp\/v2\/comments?post=332758"}],"version-history":[{"count":0,"href":"https:\/\/www.europesays.com\/fr\/wp-json\/wp\/v2\/posts\/332758\/revisions"}],"wp:featuredmedia":[{"embeddable":true,"href":"https:\/\/www.europesays.com\/fr\/wp-json\/wp\/v2\/media\/332759"}],"wp:attachment":[{"href":"https:\/\/www.europesays.com\/fr\/wp-json\/wp\/v2\/media?parent=332758"}],"wp:term":[{"taxonomy":"category","embeddable":true,"href":"https:\/\/www.europesays.com\/fr\/wp-json\/wp\/v2\/categories?post=332758"},{"taxonomy":"post_tag","embeddable":true,"href":"https:\/\/www.europesays.com\/fr\/wp-json\/wp\/v2\/tags?post=332758"}],"curies":[{"name":"wp","href":"https:\/\/api.w.org\/{rel}","templated":true}]}}