{"id":332760,"date":"2025-08-21T00:39:15","date_gmt":"2025-08-21T00:39:15","guid":{"rendered":"https:\/\/www.europesays.com\/fr\/332760\/"},"modified":"2025-08-21T00:39:15","modified_gmt":"2025-08-21T00:39:15","slug":"apres-un-cas-de-dengue-une-operation-de-demoustication-va-etre-menee-sur-lile-de-nantes","status":"publish","type":"post","link":"https:\/\/www.europesays.com\/fr\/332760\/","title":{"rendered":"apr\u00e8s un cas de dengue, une op\u00e9ration de d\u00e9moustication va \u00eatre men\u00e9e sur l&rsquo;\u00eele de Nantes"},"content":{"rendered":"<p class=\"article__intro\">L\u2019ARS engage une op\u00e9ration de lutte antivectorielle sur l\u2019\u00eele de Nantes \u00e0 la suite d\u2019un cas de dengue. Dans la nuit du jeudi 21 au vendredi 22 ao\u00fbt 2025, un traitement insecticide cibl\u00e9 sera d\u00e9ploy\u00e9 afin d\u2019\u00e9liminer le moustique tigre et limiter tout risque de transmission.<\/p>\n<p>\n      La Quotidienne Soci\u00e9t\u00e9\n    <\/p>\n<p>\n      De la vie quotidienne aux grands enjeux, recevez tous les jours les sujets qui font la soci\u00e9t\u00e9 locale, comme la justice, l\u2019\u00e9ducation, la sant\u00e9 et la famille.\n    <\/p>\n<p>    France T\u00e9l\u00e9visions utilise votre adresse e-mail afin de vous envoyer la newsletter \u00ab\u00a0La Quotidienne Soci\u00e9t\u00e9\u00a0\u00bb. Vous pouvez vous d\u00e9sinscrire \u00e0 tout moment via le lien en bas de cette newsletter. <a target=\"_blank\" href=\"https:\/\/www.francetelevisions.fr\/groupe\/confidentialite\/politique-de-confidentialite\/politique-de-confidentialite-de-france-televisions-6503\" rel=\"nofollow noopener\">Notre politique de confidentialit\u00e9<\/a><\/p>\n<p>Un nouveau quartier va \u00eatre la cible d&rsquo;une op\u00e9ration de d\u00e9moustication par les services de l&rsquo;Agence R\u00e9gionale de Sant\u00e9 Pays de la Loire apr\u00e8s \u00ab\u00a0l&rsquo;infection au virus de la dengue confirm\u00e9e chez une personne revenant d\u2019un s\u00e9jour dans une zone o\u00f9 la maladie circule\u00a0\u00bb. <\/p>\n<p>Il s&rsquo;agit des rues \u00ab\u00a0Nadine Gordimer et Magdeleine ainsi que les cours int\u00e9rieures desservies\u00a0\u00bb, sur l&rsquo;\u00eele de Nantes.<\/p>\n<\/p>\n<p>\u00ab\u00a0Les enqu\u00eates \u00e9pid\u00e9miologique et entomologique men\u00e9es par l\u2019ARS Pays de la Loire ont permis de confirmer que [ce] quartier de l\u2019\u00eele de Nantes a \u00e9t\u00e9 fr\u00e9quent\u00e9 par cette personne durant sa p\u00e9riode de vir\u00e9mie (p\u00e9riode pendant laquelle le virus est pr\u00e9sent dans le sang et peut infecter un moustique tigre lors d\u2019une piq\u00fbre), ainsi que la pr\u00e9sence de nombreux moustiques tigres adultes et larves dans un rayon de 150 m\u00e8tres autour du principal lieu fr\u00e9quent\u00e9\u00a0\u00bb.<\/p>\n<p>L\u2019ARS Pays de la Loire a donc de proc\u00e9der, dans la nuit du jeudi 21 au vendredi 22 ao\u00fbt, entre 1h et 2h30 du matin, d\u2019un traitement insecticide pr\u00e9ventif visant \u00e0 \u00e9viter la transmission du virus. <\/p>\n<p>\u00ab\u00a0Le traitement sera r\u00e9alis\u00e9 par pulv\u00e9risation cibl\u00e9e autour du principal lieu fr\u00e9quent\u00e9 par la personne malade, dans le respect de la r\u00e9glementation, notamment vis-\u00e0-vis des points d\u2019eau. Le produit utilis\u00e9 (Aqua K-Othrine) est un insecticide \u00e0 base de pyr\u00e9thrino\u00efdes, autoris\u00e9 pour cet usage\u00a0\u00bb, pr\u00e9cise l&rsquo;ARS.<\/p>\n<p>Les quartiers Croix Jeannette et Beauvoir \u00e0 Bouguenais ont \u00e9t\u00e9 la cible d&rsquo;op\u00e9rations similaires ces derni\u00e8res semaines.<\/p>\n<p>Fran\u00e7ois Meurgey est entomologiste au Mus\u00e9um d\u2019Histoire Naturelle de Nantes. Selon lui, l\u2019ARS n\u2019a \u00ab\u00a0pas le choix\u00a0\u00bb que de mettre en place ces op\u00e9rations de d\u00e9moustication, car elle en a l\u2019obligation\u00a0: \u00ab\u00a0Cela traite momentan\u00e9ment, mais cela ne veut pas dire que le quartier ne va pas \u00eatre recolonis\u00e9 apr\u00e8s. En fait, c\u2019est une r\u00e9ponse imm\u00e9diate, mais qui ne garantit pas une efficacit\u00e9 \u00e0 long terme\u00a0\u00bb.<\/p>\n<p>Fran\u00e7ois Murgey pr\u00e9conise plut\u00f4t de \u00ab\u00a0g\u00e9rer les milieux humides en continu avec une implication homog\u00e8ne de toutes les communes pour une efficacit\u00e9 totale\u00a0\u00bb.<\/p>\n<p>Les riverains situ\u00e9s dans le p\u00e9rim\u00e8tre concern\u00e9 seront inform\u00e9s pr\u00e9alablement \u00e0 l\u2019op\u00e9ration par voie d\u2019affichage et distribution de flyers, des pr\u00e9cautions \u00e0 prendre : <\/p>\n<p>\u2022 Demeurer \u00e0 l\u2019int\u00e9rieur pendant l\u2019intervention pour \u00e9viter toute exposition au nuage de pulv\u00e9risation <\/p>\n<p>\u2022 Fermer portes et fen\u00eatres, couper la ventilation <\/p>\n<p>\u2022 Rentrer les animaux domestiques et leurs gamelles <\/p>\n<p>\u2022 Prot\u00e9ger les animaux aquatiques et \u00e0 sang froid <\/p>\n<p>\u2022 Couvrir ou d\u00e9placer les ruches <\/p>\n<p>\u2022 Couvrir piscines, bassins, bacs \u00e0 sable <\/p>\n<p>\u2022 Rentrer le linge, mobilier de jardin, jouets ou les couvrir <\/p>\n<p>\u2022 Apr\u00e8s l\u2019intervention : nettoyer les meubles de jardin, jeux d\u2019enfants, laver les fruits\/l\u00e9gumes du potager avant consommation<\/p>\n<p>\u2192 En cas de questions sur cette op\u00e9ration, les r\u00e9sidents peuvent contacter Allonantes, via un num\u00e9ro d\u00e9di\u00e9 : 0 800 01 9000, du lundi au vendredi de 8h \u00e0 19h et le samedi de 8h \u00e0 13h.<\/p>\n<p><strong>Comment reconna\u00eetre le moustique-tigre et l\u2019emp\u00eacher de s\u2019installer chez soi<\/strong><strong>\u00a0<\/strong><strong>?<\/strong><\/p>\n<p>Le moustique-tigre est tr\u00e8s petit (de la taille d\u2019une fourmi), ray\u00e9 noir et blanc. Il pique seulement le jour et plut\u00f4t en ext\u00e9rieur et on peut l\u2019observer entre les mois de mai et novembre. Il se d\u00e9place peu, environ 150 m autour de son lieu de naissance. Si vous en avez un chez vous, cela veut dire qu\u2019il est n\u00e9 \u00e0 proximit\u00e9\u00a0!<\/p>\n<p>Pour limiter le risque de le voir dans son jardin, il faut \u00e9viter toutes les eaux stagnantes\u00a0: coupelles de plantes, gamelles pour animaux, arrosoirs\u2026 et nettoyer ses goutti\u00e8res et canalisations bouch\u00e9es. L\u2019usage d\u2019insecticides est d\u00e9conseill\u00e9 en raison de ses effets nocifs pour la sant\u00e9.<\/p>\n<p>La dengue se manifeste par une forte grippe, pendant 10 jours avec des douleurs aux articulations.<\/p>\n<p>Pour signaler la pr\u00e9sence d&rsquo;un moustique tigre, rendez-vous sur le\u00a0<a>portail\u00a0<\/a>de signalement.<\/p>\n<p><strong>Retrouvez-nous<\/strong><strong>\u00a0<\/strong><strong>sur nos r\u00e9seaux sociaux et sur<\/strong><strong>\u00a0<\/strong><a rel=\"noopener noreferrer nofollow\" href=\"http:\/\/france.tv\" target=\"_blank\"><strong>france.tv<\/strong><\/a><\/p>\n","protected":false},"excerpt":{"rendered":"L\u2019ARS engage une op\u00e9ration de lutte antivectorielle sur l\u2019\u00eele de Nantes \u00e0 la suite d\u2019un cas de dengue.&hellip;\n","protected":false},"author":2,"featured_media":332761,"comment_status":"","ping_status":"","sticky":false,"template":"","format":"standard","meta":{"footnotes":""},"categories":[2818],"tags":[1111,11,1777,674,1011,27,766,12,2636,25],"class_list":{"0":"post-332760","1":"post","2":"type-post","3":"status-publish","4":"format-standard","5":"has-post-thumbnail","7":"category-nantes","8":"tag-actu","9":"tag-actualites","10":"tag-eu","11":"tag-europe","12":"tag-fr","13":"tag-france","14":"tag-nantes","15":"tag-news","16":"tag-pays-de-la-loire","17":"tag-republique-francaise"},"share_on_mastodon":{"url":"https:\/\/pubeurope.com\/@fr\/115063971105314677","error":""},"_links":{"self":[{"href":"https:\/\/www.europesays.com\/fr\/wp-json\/wp\/v2\/posts\/332760","targetHints":{"allow":["GET"]}}],"collection":[{"href":"https:\/\/www.europesays.com\/fr\/wp-json\/wp\/v2\/posts"}],"about":[{"href":"https:\/\/www.europesays.com\/fr\/wp-json\/wp\/v2\/types\/post"}],"author":[{"embeddable":true,"href":"https:\/\/www.europesays.com\/fr\/wp-json\/wp\/v2\/users\/2"}],"replies":[{"embeddable":true,"href":"https:\/\/www.europesays.com\/fr\/wp-json\/wp\/v2\/comments?post=332760"}],"version-history":[{"count":0,"href":"https:\/\/www.europesays.com\/fr\/wp-json\/wp\/v2\/posts\/332760\/revisions"}],"wp:featuredmedia":[{"embeddable":true,"href":"https:\/\/www.europesays.com\/fr\/wp-json\/wp\/v2\/media\/332761"}],"wp:attachment":[{"href":"https:\/\/www.europesays.com\/fr\/wp-json\/wp\/v2\/media?parent=332760"}],"wp:term":[{"taxonomy":"category","embeddable":true,"href":"https:\/\/www.europesays.com\/fr\/wp-json\/wp\/v2\/categories?post=332760"},{"taxonomy":"post_tag","embeddable":true,"href":"https:\/\/www.europesays.com\/fr\/wp-json\/wp\/v2\/tags?post=332760"}],"curies":[{"name":"wp","href":"https:\/\/api.w.org\/{rel}","templated":true}]}}